{"id":37153,"date":"2018-01-12T20:46:06","date_gmt":"2018-01-12T23:46:06","guid":{"rendered":"http:\/\/caririemacao.com\/1\/?p=37153"},"modified":"2018-01-12T20:56:41","modified_gmt":"2018-01-12T23:56:41","slug":"justica-de-bsb-comprova-que-triplex-atribuido-a-lula-e-da-oas-e-esta-penhorado","status":"publish","type":"post","link":"https:\/\/www.caririemacao.com\/1\/2018\/01\/12\/justica-de-bsb-comprova-que-triplex-atribuido-a-lula-e-da-oas-e-esta-penhorado\/","title":{"rendered":"Justi\u00e7a de BSB comprova que Triplex atribuido a Lula \u00e9 da OAS e est\u00e1 Penhorado"},"content":{"rendered":"<div id=\"audimaWidget\" class=\"audima-position-default\">A ju\u00edza Luciana Correa Torres de Oliveira, da 2\u00aa Vara de Execu\u00e7\u00e3o e T\u00edtulos no Distrito Federal, poder\u00e1 est\u00e1 lacrando o calabou\u00e7o, afrouxando o la\u00e7o da forca no pesco\u00e7o do ex-presidente Lula, no julgamento do ex-presidente no dia 24 janeiro, referente ao pol\u00eamico triplex.<\/div>\n<p>A decis\u00e3o da ju\u00edza contrap\u00f5e a investiga\u00e7\u00e3o da For\u00e7a Tarefa na Opera\u00e7\u00e3o Lava Jato e a uma discuss\u00e3o pol\u00eamica, ainda maior sobre triplex famoso do Guaruj\u00e1.<\/p>\n<p>O processo que tramita na 2\u00aa Vara de Bras\u00edlia, atende uma empresa que solicita o pagamento de dividas em desfavor da empreiteira OAS Empreendimentos.<\/p>\n<p>O Centro Empresarial que estava sendo constru\u00eddo no Distrito Federal, tinha contrato em Sociedade de Prop\u00f3sito Espec\u00edfico (SPE). A empresa credora, impetrou uma a\u00e7\u00e3o de cobran\u00e7a no de R$ 7,2 milh\u00f5es corrigidos.<\/p>\n<p>A ju\u00edza acatou e determinou ao Bacen o bloqueio nas contas da OAS Empreendimentos, encontrando apenas R$ 10 mil reais. A empresa credora, vez busca nos cart\u00f3rios em todo Brasil e achou um mesmo CNPJ quatro im\u00f3veis no Guaruj\u00e1 em nome da OAS Empreendimentos.<\/p>\n<p>Para a surpresa dos empres\u00e1rios brasilienses, um dos im\u00f3veis trata-se do apartamento pol\u00eamico tr\u00edplex no Guaruj\u00e1, atribu\u00eddo ao ex-presidente Lula.<\/p>\n<p>A guerra das togas confronta o ju\u00edzo de S\u00e9rgio Moro e Luciana Correa Torres.<\/p>\n<p>Em Bras\u00edlia, a ju\u00edza entende que, o apartamento triplex no Edif\u00edcio Solaris, na Praia das Ast\u00farias, no Guaruj\u00e1, endere\u00e7o do triplex que levou o ex-presidente Luiz In\u00e1cio Lula da Silva \u00e0 condena\u00e7\u00e3o em primeira inst\u00e2ncia, registrado em cart\u00f3rio em nome da empreiteira OAS Empreendimentos, cabe penhora, por se tratar de dividas contra\u00eddas pela OAS que, \u00e9 de fato de direito propriet\u00e1ria do im\u00f3vel.<\/p>\n<p>O presidente da OAS Empreendimento, Leo Pinheiro, em dela\u00e7\u00e3o premiada afirma que o propriet\u00e1rio \u00e9 o ex-presidente Lula, mas no cart\u00f3rio, onde est\u00e1 registrada a escritura o propriet\u00e1rio \u00e9 a OAS Empreendimentos. A ju\u00edza da 2\u00aa Vara Luciana Correa, determinou a penhora do im\u00f3vel em favor dos empres\u00e1rios brasilienses.<\/p>\n<div>\n<p>Registro do Tr\u00edplex em nome da OAS, no cart\u00f3rio de Guaruj\u00e1 S\u00e3o Paulo<\/p>\n<\/div>\n<div>\n<p>Registro do Tr\u00edplex em nome da OAS, no cart\u00f3rio de Guaruj\u00e1 S\u00e3o Paulo<\/p>\n<\/div>\n<p>Com essa decis\u00e3o, a defesa do ex-presidente Lula, vai pedir o adiamento do julgamento marcado para o dia 24 de janeiro em Porto Alegre.<\/p>\n<p><strong>CARIRI EM A\u00c7\u00c3O<\/strong><\/p>\n<p><em>Com Wscom\/Foto: Wscom<\/em><\/p>\n<p><strong>Leia mais not\u00edcias em\u00a0<\/strong><a href=\"http:\/\/www.caririemacao.com\/\"><strong>caririemacao.com<\/strong><\/a><strong>, siga nossa p\u00e1gina no\u00a0<\/strong><a href=\"https:\/\/www.facebook.com\/CaririEmAcao\/?ref=aymt_homepage_panel\"><strong>Facebook<\/strong><\/a>,<strong>\u00a0<\/strong><a href=\"https:\/\/www.instagram.com\/cariri_em_acao\/?hl=pt-br\"><strong>Instagram<\/strong><\/a><strong>\u00a0e\u00a0<\/strong><a href=\"https:\/\/www.youtube.com\/channel\/UCAptA0jQuYQy8vMhLt2m4qg\"><strong>Youtube<\/strong><\/a><strong>\u00a0e veja nossas mat\u00e9rias, v\u00eddeos e fotos. Voc\u00ea tamb\u00e9m pode enviar informa\u00e7\u00f5es \u00e0 Reda\u00e7\u00e3o do Portal Cariri em A\u00e7\u00e3o pelo WhatsApp (83) 9 9634.5791, (83) 9 9601-1162.<\/strong><\/p>\n","protected":false},"excerpt":{"rendered":"<p>A ju\u00edza Luciana Correa Torres de Oliveira, da 2\u00aa Vara de Execu\u00e7\u00e3o e T\u00edtulos no Distrito Federal, poder\u00e1 est\u00e1 lacrando o calabou\u00e7o, afrouxando o la\u00e7o&hellip; <\/p>\n","protected":false},"author":2,"featured_media":37154,"comment_status":"closed","ping_status":"closed","sticky":false,"template":"","format":"standard","meta":{"sfsi_plus_gutenberg_text_before_share":"","sfsi_plus_gutenberg_show_text_before_share":"","sfsi_plus_gutenberg_icon_type":"","sfsi_plus_gutenberg_icon_alignemt":"","sfsi_plus_gutenburg_max_per_row":"","footnotes":""},"categories":[11],"tags":[],"class_list":["post-37153","post","type-post","status-publish","format-standard","has-post-thumbnail","hentry","category-politica"],"_links":{"self":[{"href":"https:\/\/www.caririemacao.com\/1\/wp-json\/wp\/v2\/posts\/37153","targetHints":{"allow":["GET"]}}],"collection":[{"href":"https:\/\/www.caririemacao.com\/1\/wp-json\/wp\/v2\/posts"}],"about":[{"href":"https:\/\/www.caririemacao.com\/1\/wp-json\/wp\/v2\/types\/post"}],"author":[{"embeddable":true,"href":"https:\/\/www.caririemacao.com\/1\/wp-json\/wp\/v2\/users\/2"}],"replies":[{"embeddable":true,"href":"https:\/\/www.caririemacao.com\/1\/wp-json\/wp\/v2\/comments?post=37153"}],"version-history":[{"count":0,"href":"https:\/\/www.caririemacao.com\/1\/wp-json\/wp\/v2\/posts\/37153\/revisions"}],"wp:featuredmedia":[{"embeddable":true,"href":"https:\/\/www.caririemacao.com\/1\/wp-json\/wp\/v2\/media\/37154"}],"wp:attachment":[{"href":"https:\/\/www.caririemacao.com\/1\/wp-json\/wp\/v2\/media?parent=37153"}],"wp:term":[{"taxonomy":"category","embeddable":true,"href":"https:\/\/www.caririemacao.com\/1\/wp-json\/wp\/v2\/categories?post=37153"},{"taxonomy":"post_tag","embeddable":true,"href":"https:\/\/www.caririemacao.com\/1\/wp-json\/wp\/v2\/tags?post=37153"}],"curies":[{"name":"wp","href":"https:\/\/api.w.org\/{rel}","templated":true}]}}