{"id":37157,"date":"2018-01-12T20:50:42","date_gmt":"2018-01-12T23:50:42","guid":{"rendered":"http:\/\/caririemacao.com\/1\/?p=37157"},"modified":"2018-01-12T20:50:42","modified_gmt":"2018-01-12T23:50:42","slug":"botafogo-pb-perde-para-o-palmeiras-e-fica-na-segunda-fase-da-copinha","status":"publish","type":"post","link":"https:\/\/www.caririemacao.com\/1\/2018\/01\/12\/botafogo-pb-perde-para-o-palmeiras-e-fica-na-segunda-fase-da-copinha\/","title":{"rendered":"Botafogo-PB perde para o Palmeiras e fica na segunda fase da Copinha"},"content":{"rendered":"<p>O Botafogo-PB\u00a0 perdeu para o Palmeiras por 2 a 0 nesta sexta-feira\u00a0 (12), e cedeu a classifica\u00e7\u00e3o \u00e0 terceira fase da Copa S\u00e3o Paulo. Os gols do verd\u00e3o foram marcados por Yan e Gabriel Furtado.<\/p>\n<p>Os times foram para o vesti\u00e1rio empatados em 0 a 0. J\u00e1 na volta do intervalo, o t\u00e9cnico Wesley Carvalho fez mudan\u00e7as no Verd\u00e3o, colocando Alan Guimar\u00e3es e Papagaio.<\/p>\n<p>A jogada do primeiro gol come\u00e7ou justamente dos p\u00e9s de Alanzinho, uma das grandes apostas no clube: em um lan\u00e7amento dele, Fernando cruzou para Yan abrir o placar. A assist\u00eancia veio da outra joia desta equipe &#8211; o atacante, inclusive, deve se juntar ao elenco profissional ap\u00f3s a Copinha.<\/p>\n<p>A partida foi resolvida aos 34 minutos, quando Yan desta vez cobrou falta na cabe\u00e7a de Gabriel Furtado, que fez 2 a 0.\u00a0 O Verd\u00e3o voltar\u00e1 a jogar no domingo e aguarda o advers\u00e1rio, que vir\u00e1 do jogo entre Bahia e Taubat\u00e9.<\/p>\n<p><strong>CARIRI EM A\u00c7\u00c3O<\/strong><\/p>\n<p><em>Com Portal Terra\/Foto:\u00a0Portal Terra<\/em><\/p>\n<p><strong>Leia mais not\u00edcias em\u00a0<\/strong><a href=\"http:\/\/www.caririemacao.com\/\"><strong>caririemacao.com<\/strong><\/a><strong>, siga nossa p\u00e1gina no\u00a0<\/strong><a href=\"https:\/\/www.facebook.com\/CaririEmAcao\/?ref=aymt_homepage_panel\"><strong>Facebook<\/strong><\/a>,<strong>\u00a0<\/strong><a href=\"https:\/\/www.instagram.com\/cariri_em_acao\/?hl=pt-br\"><strong>Instagram<\/strong><\/a><strong>\u00a0e\u00a0<\/strong><a href=\"https:\/\/www.youtube.com\/channel\/UCAptA0jQuYQy8vMhLt2m4qg\"><strong>Youtube<\/strong><\/a><strong>\u00a0e veja nossas mat\u00e9rias, v\u00eddeos e fotos. Voc\u00ea tamb\u00e9m pode enviar informa\u00e7\u00f5es \u00e0 Reda\u00e7\u00e3o do Portal Cariri em A\u00e7\u00e3o pelo WhatsApp (83) 9 9634.5791, (83) 9 9601-1162.<\/strong><\/p>\n","protected":false},"excerpt":{"rendered":"<p>O Botafogo-PB\u00a0 perdeu para o Palmeiras por 2 a 0 nesta sexta-feira\u00a0 (12), e cedeu a classifica\u00e7\u00e3o \u00e0 terceira fase da Copa S\u00e3o Paulo. Os&hellip; <\/p>\n","protected":false},"author":2,"featured_media":37158,"comment_status":"closed","ping_status":"closed","sticky":false,"template":"","format":"standard","meta":{"sfsi_plus_gutenberg_text_before_share":"","sfsi_plus_gutenberg_show_text_before_share":"","sfsi_plus_gutenberg_icon_type":"","sfsi_plus_gutenberg_icon_alignemt":"","sfsi_plus_gutenburg_max_per_row":"","footnotes":""},"categories":[13],"tags":[],"class_list":["post-37157","post","type-post","status-publish","format-standard","has-post-thumbnail","hentry","category-esportes"],"_links":{"self":[{"href":"https:\/\/www.caririemacao.com\/1\/wp-json\/wp\/v2\/posts\/37157","targetHints":{"allow":["GET"]}}],"collection":[{"href":"https:\/\/www.caririemacao.com\/1\/wp-json\/wp\/v2\/posts"}],"about":[{"href":"https:\/\/www.caririemacao.com\/1\/wp-json\/wp\/v2\/types\/post"}],"author":[{"embeddable":true,"href":"https:\/\/www.caririemacao.com\/1\/wp-json\/wp\/v2\/users\/2"}],"replies":[{"embeddable":true,"href":"https:\/\/www.caririemacao.com\/1\/wp-json\/wp\/v2\/comments?post=37157"}],"version-history":[{"count":0,"href":"https:\/\/www.caririemacao.com\/1\/wp-json\/wp\/v2\/posts\/37157\/revisions"}],"wp:featuredmedia":[{"embeddable":true,"href":"https:\/\/www.caririemacao.com\/1\/wp-json\/wp\/v2\/media\/37158"}],"wp:attachment":[{"href":"https:\/\/www.caririemacao.com\/1\/wp-json\/wp\/v2\/media?parent=37157"}],"wp:term":[{"taxonomy":"category","embeddable":true,"href":"https:\/\/www.caririemacao.com\/1\/wp-json\/wp\/v2\/categories?post=37157"},{"taxonomy":"post_tag","embeddable":true,"href":"https:\/\/www.caririemacao.com\/1\/wp-json\/wp\/v2\/tags?post=37157"}],"curies":[{"name":"wp","href":"https:\/\/api.w.org\/{rel}","templated":true}]}}