{"id":37162,"date":"2018-01-12T20:59:17","date_gmt":"2018-01-12T23:59:17","guid":{"rendered":"http:\/\/caririemacao.com\/1\/?p=37162"},"modified":"2018-01-12T20:59:17","modified_gmt":"2018-01-12T23:59:17","slug":"tce-alerta-que-prefeitos-adequem-gastos-com-festas","status":"publish","type":"post","link":"https:\/\/www.caririemacao.com\/1\/2018\/01\/12\/tce-alerta-que-prefeitos-adequem-gastos-com-festas\/","title":{"rendered":"TCE alerta que prefeitos adequem gastos com festas"},"content":{"rendered":"<p>O Tribunal de Contas do Estado (TCE-PB) recomendou que os prefeitos paraibanos adequem os gastos p\u00fablicos com festividades a cronogramas mensais de desembolso a fim de n\u00e3o comprometerem o pagamento de sal\u00e1rios nem obriga\u00e7\u00f5es financeiras atinentes, entre outras, \u00e0 educa\u00e7\u00e3o, sa\u00fade, previd\u00eancia e fornecedores.<\/p>\n<p>A recomenda\u00e7\u00e3o est\u00e1 no of\u00edcio circular n\u00ba 01\/18 expedido, nesta sexta-feira (12), a cada prefeito municipal pelo presidente do Tribunal de Contas da Para\u00edba, conselheiro Andr\u00e9 Carlo Torres Pontes.<\/p>\n<p>O mesmo documento adverte a todos quanto aos prazos de informa\u00e7\u00e3o ao TCE sobre essas despesas, na forma e conte\u00fado descritos em tr\u00eas Resolu\u00e7\u00f5es Normativas da Corte, a primeira de 2009, a segunda de 2013 e a \u00faltima de 2015, mat\u00e9rias, portanto, de pleno conhecimento das Prefeituras.<\/p>\n<p>Com data de 18 de fevereiro de 2009, a primeira dessas Resolu\u00e7\u00f5es disp\u00f5e sobre a regulamenta\u00e7\u00e3o dos procedimentos a serem adotados para a contrata\u00e7\u00e3o de bandas, grupos musicais, profissionais ou empresas do setor art\u00edstico.<\/p>\n<p>A RN 01\/2013, publicada em 05 de mar\u00e7o do respectivo exerc\u00edcio, trata de documentos relacionados a esses gastos (demonstrativos de despesas com data, valor e credor de todos os empenhos, conv\u00eanios, parcerias, contratos, concess\u00f5es ou patroc\u00ednios) e, ainda, de suas remessas ao exame do TCE \u201cno prazo de at\u00e9 30 dias contados do \u00faltimo dia do m\u00eas da festividade\u201d.<\/p>\n<p><strong>CARIRI EM A\u00c7\u00c3O<\/strong><\/p>\n<p><em>Com Mais PB\/Foto: Reprodu\u00e7\u00e3o google<\/em><\/p>\n<p><strong>Leia mais not\u00edcias em\u00a0<\/strong><a href=\"http:\/\/www.caririemacao.com\/\"><strong>caririemacao.com<\/strong><\/a><strong>, siga nossa p\u00e1gina no\u00a0<\/strong><a href=\"https:\/\/www.facebook.com\/CaririEmAcao\/?ref=aymt_homepage_panel\"><strong>Facebook<\/strong><\/a>,<strong>\u00a0<\/strong><a href=\"https:\/\/www.instagram.com\/cariri_em_acao\/?hl=pt-br\"><strong>Instagram<\/strong><\/a><strong>\u00a0e\u00a0<\/strong><a href=\"https:\/\/www.youtube.com\/channel\/UCAptA0jQuYQy8vMhLt2m4qg\"><strong>Youtube<\/strong><\/a><strong>\u00a0e veja nossas mat\u00e9rias, v\u00eddeos e fotos. Voc\u00ea tamb\u00e9m pode enviar informa\u00e7\u00f5es \u00e0 Reda\u00e7\u00e3o do Portal Cariri em A\u00e7\u00e3o pelo WhatsApp (83) 9 9634.5791, (83) 9 9601-1162.<\/strong><\/p>\n","protected":false},"excerpt":{"rendered":"<p>O Tribunal de Contas do Estado (TCE-PB) recomendou que os prefeitos paraibanos adequem os gastos p\u00fablicos com festividades a cronogramas mensais de desembolso a fim&hellip; <\/p>\n","protected":false},"author":2,"featured_media":10296,"comment_status":"closed","ping_status":"closed","sticky":false,"template":"","format":"standard","meta":{"sfsi_plus_gutenberg_text_before_share":"","sfsi_plus_gutenberg_show_text_before_share":"","sfsi_plus_gutenberg_icon_type":"","sfsi_plus_gutenberg_icon_alignemt":"","sfsi_plus_gutenburg_max_per_row":"","footnotes":""},"categories":[2],"tags":[],"class_list":["post-37162","post","type-post","status-publish","format-standard","has-post-thumbnail","hentry","category-geral"],"_links":{"self":[{"href":"https:\/\/www.caririemacao.com\/1\/wp-json\/wp\/v2\/posts\/37162","targetHints":{"allow":["GET"]}}],"collection":[{"href":"https:\/\/www.caririemacao.com\/1\/wp-json\/wp\/v2\/posts"}],"about":[{"href":"https:\/\/www.caririemacao.com\/1\/wp-json\/wp\/v2\/types\/post"}],"author":[{"embeddable":true,"href":"https:\/\/www.caririemacao.com\/1\/wp-json\/wp\/v2\/users\/2"}],"replies":[{"embeddable":true,"href":"https:\/\/www.caririemacao.com\/1\/wp-json\/wp\/v2\/comments?post=37162"}],"version-history":[{"count":0,"href":"https:\/\/www.caririemacao.com\/1\/wp-json\/wp\/v2\/posts\/37162\/revisions"}],"wp:featuredmedia":[{"embeddable":true,"href":"https:\/\/www.caririemacao.com\/1\/wp-json\/wp\/v2\/media\/10296"}],"wp:attachment":[{"href":"https:\/\/www.caririemacao.com\/1\/wp-json\/wp\/v2\/media?parent=37162"}],"wp:term":[{"taxonomy":"category","embeddable":true,"href":"https:\/\/www.caririemacao.com\/1\/wp-json\/wp\/v2\/categories?post=37162"},{"taxonomy":"post_tag","embeddable":true,"href":"https:\/\/www.caririemacao.com\/1\/wp-json\/wp\/v2\/tags?post=37162"}],"curies":[{"name":"wp","href":"https:\/\/api.w.org\/{rel}","templated":true}]}}