{"id":37163,"date":"2018-01-12T21:05:03","date_gmt":"2018-01-13T00:05:03","guid":{"rendered":"http:\/\/caririemacao.com\/1\/?p=37163"},"modified":"2018-01-12T21:05:03","modified_gmt":"2018-01-13T00:05:03","slug":"prefeita-deixa-psdb-pelo-psb-e-declara-apoio-a-joao-azevedo","status":"publish","type":"post","link":"https:\/\/www.caririemacao.com\/1\/2018\/01\/12\/prefeita-deixa-psdb-pelo-psb-e-declara-apoio-a-joao-azevedo\/","title":{"rendered":"Prefeita deixa PSDB pelo PSB e declara apoio a Jo\u00e3o Azevedo"},"content":{"rendered":"<p>A prefeita de Pil\u00f5ezinhos, M\u00f4nica Cristina (PSDB), confirmou que vai deixar o PSDB e se filiar ao PSB. O an\u00fancio aconteceu na noite desta quinta-feira (11), durante a abertura da festa de S\u00e3o Sebasti\u00e3o, e contou com as presen\u00e7as do presidente da Assembleia Legislativa, Gerv\u00e1sio Maia; do secret\u00e1rio de Estado Da Infraestrutura, Recursos H\u00eddricos, Meio Ambiente, Ci\u00eancia e Tecnologia, Jo\u00e3o Azevedo; do deputado Ti\u00e3o Gomes, entre outros.<\/p>\n<p>O ex-prefeito de Pil\u00f5ezinhos, Sandro Mendes, que recepcionou o secret\u00e1rio e os deputados durante a festa, destacou que o apoio do grupo pol\u00edtico da cidade ao projeto do governador Ricardo Coutinho se d\u00e1 em virtude do modo administrativo do Governo, que realizou obras e a\u00e7\u00f5es em todas as regi\u00f5es do Estado.<\/p>\n<p>O grupo pol\u00edtico da Prefeita M\u00f4nica Cristina vai deixar a legenda tucana ap\u00f3s mais de duas d\u00e9cadas. Vereadores, ex-vereadores, lideran\u00e7as locais tamb\u00e9m acompanharam a visita a festa de S\u00e3o Sebasti\u00e3o, que ser\u00e1 encerrada no pr\u00f3ximo dia 20.<\/p>\n<p><strong>CARIRI EM A\u00c7\u00c3O<\/strong><\/p>\n<p><em>Com Ascom\/Foto:\u00a0 Divulga\u00e7\u00e3o \u00a0<\/em><\/p>\n<p><strong>Leia mais not\u00edcias em\u00a0<\/strong><a href=\"http:\/\/www.caririemacao.com\/\"><strong>caririemacao.com<\/strong><\/a><strong>, siga nossa p\u00e1gina no\u00a0<\/strong><a href=\"https:\/\/www.facebook.com\/CaririEmAcao\/?ref=aymt_homepage_panel\"><strong>Facebook<\/strong><\/a>,<strong>\u00a0<\/strong><a href=\"https:\/\/www.instagram.com\/cariri_em_acao\/?hl=pt-br\"><strong>Instagram<\/strong><\/a><strong>\u00a0e <\/strong><a href=\"https:\/\/www.youtube.com\/channel\/UCAptA0jQuYQy8vMhLt2m4qg\"><strong>Youtube<\/strong><\/a><strong>\u00a0e veja nossas mat\u00e9rias, v\u00eddeos e fotos. Voc\u00ea tamb\u00e9m pode enviar informa\u00e7\u00f5es \u00e0 Reda\u00e7\u00e3o do Portal Cariri em A\u00e7\u00e3o pelo WhatsApp (83) 9 9634.5791, (83) 9 9601-1162.<\/strong><\/p>\n","protected":false},"excerpt":{"rendered":"<p>A prefeita de Pil\u00f5ezinhos, M\u00f4nica Cristina (PSDB), confirmou que vai deixar o PSDB e se filiar ao PSB. O an\u00fancio aconteceu na noite desta quinta-feira&hellip; <\/p>\n","protected":false},"author":2,"featured_media":37166,"comment_status":"closed","ping_status":"closed","sticky":false,"template":"","format":"standard","meta":{"sfsi_plus_gutenberg_text_before_share":"","sfsi_plus_gutenberg_show_text_before_share":"","sfsi_plus_gutenberg_icon_type":"","sfsi_plus_gutenberg_icon_alignemt":"","sfsi_plus_gutenburg_max_per_row":"","footnotes":""},"categories":[11],"tags":[],"class_list":["post-37163","post","type-post","status-publish","format-standard","has-post-thumbnail","hentry","category-politica"],"_links":{"self":[{"href":"https:\/\/www.caririemacao.com\/1\/wp-json\/wp\/v2\/posts\/37163","targetHints":{"allow":["GET"]}}],"collection":[{"href":"https:\/\/www.caririemacao.com\/1\/wp-json\/wp\/v2\/posts"}],"about":[{"href":"https:\/\/www.caririemacao.com\/1\/wp-json\/wp\/v2\/types\/post"}],"author":[{"embeddable":true,"href":"https:\/\/www.caririemacao.com\/1\/wp-json\/wp\/v2\/users\/2"}],"replies":[{"embeddable":true,"href":"https:\/\/www.caririemacao.com\/1\/wp-json\/wp\/v2\/comments?post=37163"}],"version-history":[{"count":0,"href":"https:\/\/www.caririemacao.com\/1\/wp-json\/wp\/v2\/posts\/37163\/revisions"}],"wp:featuredmedia":[{"embeddable":true,"href":"https:\/\/www.caririemacao.com\/1\/wp-json\/wp\/v2\/media\/37166"}],"wp:attachment":[{"href":"https:\/\/www.caririemacao.com\/1\/wp-json\/wp\/v2\/media?parent=37163"}],"wp:term":[{"taxonomy":"category","embeddable":true,"href":"https:\/\/www.caririemacao.com\/1\/wp-json\/wp\/v2\/categories?post=37163"},{"taxonomy":"post_tag","embeddable":true,"href":"https:\/\/www.caririemacao.com\/1\/wp-json\/wp\/v2\/tags?post=37163"}],"curies":[{"name":"wp","href":"https:\/\/api.w.org\/{rel}","templated":true}]}}