{"id":37165,"date":"2018-01-12T21:12:12","date_gmt":"2018-01-13T00:12:12","guid":{"rendered":"http:\/\/caririemacao.com\/1\/?p=37165"},"modified":"2018-01-12T21:12:12","modified_gmt":"2018-01-13T00:12:12","slug":"tce-pb-realiza-provas-de-concurso-neste-final-de-semana-e-candidatos-devem-acessar-site-para-confirmar-locais-e-horarios","status":"publish","type":"post","link":"https:\/\/www.caririemacao.com\/1\/2018\/01\/12\/tce-pb-realiza-provas-de-concurso-neste-final-de-semana-e-candidatos-devem-acessar-site-para-confirmar-locais-e-horarios\/","title":{"rendered":"TCE-PB realiza provas de concurso neste final de semana e candidatos devem acessar site para confirmar locais e hor\u00e1rios"},"content":{"rendered":"<p>As provas do concurso p\u00fablico que o Tribunal de Contas do Estado realizar\u00e1 para o preenchimento de 20 vagas, sendo 15 para Auditor de Contas P\u00fablicas e cinco para Agente de Documenta\u00e7\u00e3o, ser\u00e3o aplicadas neste s\u00e1bado e no domingo, dias 13 e 14 de janeiro, conforme consta no edital n\u00ba 3, publicado no DOE do TCE-PB, edi\u00e7\u00e3o de cinco de janeiro. Os candidatos devem acessar o site do Cebraspe\u00a0http:\/\/www.cespe.unb.br concursos\/tce_pb_17<strong>,<\/strong>informando o CPF, para confirmar os locais e hor\u00e1rios das provas.<\/p>\n<p>O Edital n\u00ba 3 informa que neste s\u00e1bado (13), \u00e0s 14 h (hor\u00e1rio local), ser\u00e3o aplicadas as provas para o cargo de Agente de Documenta\u00e7\u00e3o, com dura\u00e7\u00e3o de 4 horas. Para o cargo Auditor de Contas P\u00fablicas, as provas ser\u00e3o aplicadas no domingo (14), em hor\u00e1rios distintos: A prova objetiva ser\u00e1 \u00e0s 8 h e a discursiva \u00e0s 15 h. A primeira ter\u00e1 a dura\u00e7\u00e3o de cinco horas e a segunda de duas horas. A exig\u00eancia \u00e9 de o candidato compare\u00e7a ao local designado com anteced\u00eancia m\u00ednima de uma hora do hor\u00e1rio fixado.<\/p>\n<p>As normas estabelecem, tamb\u00e9m, que ser\u00e1 eliminado do concurso o candidato que, durante a realiza\u00e7\u00e3o das provas, for surpreendido portando aparelhos eletr\u00f4nicos, acess\u00f3rios de chapelaria e qualquer recipiente ou embalagem que n\u00e3o seja fabricado com material transparente.<\/p>\n<p>A recomenda\u00e7\u00e3o do Cebraspe, institui\u00e7\u00e3o respons\u00e1vel pelo certame, \u00e9 que o candidato n\u00e3o leve nenhum dos objetos descritos no item 6 do edital publicado na \u00faltima sexta-feira (5).<\/p>\n<p>Para concorrer a uma das 15 vagas no cargo de\u00a0Auditor de Contas P\u00fablicas, o candidato dever\u00e1 ter\u00a0curso superior em qualquer \u00e1rea de forma\u00e7\u00e3o, fornecido por institui\u00e7\u00e3o de ensino superior reconhecida pelo Minist\u00e9rio da Educa\u00e7\u00e3o (MEC). O sal\u00e1rio do cargo ser\u00e1 de R$ 13.002,03, com 40 horas semanais.<\/p>\n<p>Para disputa \u00e0s cinco vagas agente de documenta\u00e7\u00e3o, a exig\u00eancia \u00e9 de conclus\u00e3o de curso de ensino m\u00e9dio. Duas vagas \u2013 uma cada \u00e1rea \u2013 est\u00e3o reservadas a candidatos portadores de defici\u00eancia. O sal\u00e1rio do cargo ser\u00e1 de\u00a0R$ 5.519,61.<\/p>\n<p><strong>CARIRI EM A\u00c7\u00c3O<\/strong><\/p>\n<p><em>Com\u00a0AscomTCE-PB\/Foto: Reprodu\u00e7\u00e3o Internet<\/em><\/p>\n<p><strong>Leia mais not\u00edcias em\u00a0<\/strong><a href=\"http:\/\/www.caririemacao.com\/\"><strong>caririemacao.com<\/strong><\/a><strong>, siga nossa p\u00e1gina no\u00a0<\/strong><a href=\"https:\/\/www.facebook.com\/CaririEmAcao\/?ref=aymt_homepage_panel\"><strong>Facebook<\/strong><\/a>,<strong>\u00a0<\/strong><a href=\"https:\/\/www.instagram.com\/cariri_em_acao\/?hl=pt-br\"><strong>Instagram<\/strong><\/a><strong>\u00a0e\u00a0<\/strong><a href=\"https:\/\/www.youtube.com\/channel\/UCAptA0jQuYQy8vMhLt2m4qg\"><strong>Youtube<\/strong><\/a><strong>\u00a0e veja nossas mat\u00e9rias, v\u00eddeos e fotos. Voc\u00ea tamb\u00e9m pode enviar informa\u00e7\u00f5es \u00e0 Reda\u00e7\u00e3o do Portal Cariri em A\u00e7\u00e3o pelo WhatsApp (83) 9 9634.5791, (83) 9 9601-1162.<\/strong><\/p>\n","protected":false},"excerpt":{"rendered":"<p>As provas do concurso p\u00fablico que o Tribunal de Contas do Estado realizar\u00e1 para o preenchimento de 20 vagas, sendo 15 para Auditor de Contas&hellip; <\/p>\n","protected":false},"author":2,"featured_media":11050,"comment_status":"closed","ping_status":"closed","sticky":false,"template":"","format":"standard","meta":{"sfsi_plus_gutenberg_text_before_share":"","sfsi_plus_gutenberg_show_text_before_share":"","sfsi_plus_gutenberg_icon_type":"","sfsi_plus_gutenberg_icon_alignemt":"","sfsi_plus_gutenburg_max_per_row":"","footnotes":""},"categories":[2],"tags":[],"class_list":["post-37165","post","type-post","status-publish","format-standard","has-post-thumbnail","hentry","category-geral"],"_links":{"self":[{"href":"https:\/\/www.caririemacao.com\/1\/wp-json\/wp\/v2\/posts\/37165","targetHints":{"allow":["GET"]}}],"collection":[{"href":"https:\/\/www.caririemacao.com\/1\/wp-json\/wp\/v2\/posts"}],"about":[{"href":"https:\/\/www.caririemacao.com\/1\/wp-json\/wp\/v2\/types\/post"}],"author":[{"embeddable":true,"href":"https:\/\/www.caririemacao.com\/1\/wp-json\/wp\/v2\/users\/2"}],"replies":[{"embeddable":true,"href":"https:\/\/www.caririemacao.com\/1\/wp-json\/wp\/v2\/comments?post=37165"}],"version-history":[{"count":0,"href":"https:\/\/www.caririemacao.com\/1\/wp-json\/wp\/v2\/posts\/37165\/revisions"}],"wp:featuredmedia":[{"embeddable":true,"href":"https:\/\/www.caririemacao.com\/1\/wp-json\/wp\/v2\/media\/11050"}],"wp:attachment":[{"href":"https:\/\/www.caririemacao.com\/1\/wp-json\/wp\/v2\/media?parent=37165"}],"wp:term":[{"taxonomy":"category","embeddable":true,"href":"https:\/\/www.caririemacao.com\/1\/wp-json\/wp\/v2\/categories?post=37165"},{"taxonomy":"post_tag","embeddable":true,"href":"https:\/\/www.caririemacao.com\/1\/wp-json\/wp\/v2\/tags?post=37165"}],"curies":[{"name":"wp","href":"https:\/\/api.w.org\/{rel}","templated":true}]}}