{"id":37168,"date":"2018-01-12T21:07:17","date_gmt":"2018-01-13T00:07:17","guid":{"rendered":"http:\/\/caririemacao.com\/1\/?p=37168"},"modified":"2018-01-12T21:07:17","modified_gmt":"2018-01-13T00:07:17","slug":"paraiba-registra-reducao-de-mais-de-90-dos-casos-de-dengue-em-2017","status":"publish","type":"post","link":"https:\/\/www.caririemacao.com\/1\/2018\/01\/12\/paraiba-registra-reducao-de-mais-de-90-dos-casos-de-dengue-em-2017\/","title":{"rendered":"Para\u00edba registra redu\u00e7\u00e3o de mais de 90% dos casos de dengue em 2017"},"content":{"rendered":"<div>A Secretaria de Estado da Sa\u00fade divulgou, nesta quarta-feira (2), o 7\u00ba Boletim Epidemiol\u00f3gico relacionado \u00e0s arboviroses, deste ano. O relat\u00f3rio demonstra que continua a redu\u00e7\u00e3o nos n\u00fameros de dengue, zika e chikungunya.\u00a0No per\u00edodo de 1 de janeiro a 15 de julho deste ano, foram notificados 2.239 casos suspeitos de dengue na Para\u00edba, o que representa uma redu\u00e7\u00e3o de 94,78% em rela\u00e7\u00e3o ao ano anterior.<\/div>\n<div><\/div>\n<div>Em 2014, 2015 e 2016, no mesmo per\u00edodo, foram registrados, respectivamente, 5.661, 23.221 e 42.931 casos suspeitos da doen\u00e7a.<\/div>\n<div><\/div>\n<div>Chikungunya\u00a0\u2013 Quanto \u00e0s notifica\u00e7\u00f5es de suspeita de chikungunya, de 1 de janeiro a 15 de julho de 2017 foram registrados 905 casos suspeitos. Em 2016, no mesmo per\u00edodo, foram notificados 19.512 casos suspeitos, o que mostra uma redu\u00e7\u00e3o de 95,36%.<\/div>\n<div><\/div>\n<div>Zika V\u00edrus\u00a0\u2013 De acordo com o boletim, at\u00e9 a 28\u00ba semana epidemiol\u00f3gica deste ano foram notificados 106 casos suspeitos de infec\u00e7\u00e3o pelo v\u00edrus zika. No mesmo per\u00edodo de 2016, foram registrados 4.761 casos, apontando uma redu\u00e7\u00e3o de 97,77%. O boletim epidemiol\u00f3gico destaca que a notifica\u00e7\u00e3o dos casos de doen\u00e7a aguda pelo v\u00edrus zika \u00e9 primordial para nortear as a\u00e7\u00f5es de combate ao Aedes aegypti.<\/div>\n<div><\/div>\n<div>\u201c\u00c9 importante lembrar que essa doen\u00e7a foi inserida na Lista de Doen\u00e7as de Notifica\u00e7\u00e3o Compuls\u00f3ria a partir da Portaria N\u00ba 204, de 17 de fevereiro de 2016, o que justifica o pico de notifica\u00e7\u00f5es no m\u00eas de fevereiro de 2016 e o n\u00e3o registro de casos no ano de 2015\u201d, ressaltou a gerente executiva de Vigil\u00e2ncia em Sa\u00fade da Secretaria de Estado da Sa\u00fade (SES), Renata N\u00f3brega.<\/div>\n<div><\/div>\n<div>\u00d3bitos\u00a0\u2013 At\u00e9 a 28\u00aa Semana Epidemiol\u00f3gica foram notificados 16 \u00f3bitos com suspeita de causa de arboviroses nos munic\u00edpios de Bayeux (2), Jo\u00e3o Pessoa (2), Concei\u00e7\u00e3o (1), Caapor\u00e3 (1), Santa Rita (2), Cabedelo (1), Massaranduba (1), Bom Jesus (1), Boqueir\u00e3o (1), Santa Luzia (1), Sousa (1), Pianc\u00f3 (1) e Esperan\u00e7a (1).<\/div>\n<div><\/div>\n<div>Dos 16 \u00f3bitos, dois foram confirmados como por essa infec\u00e7\u00e3o e quatro descartados. Os \u00f3bitos confirmados foram em Bayeux e Caapor\u00e3. O boletim destaca que \u00f3bitos com suspeita de arboviroses devem ser informados imediatamente, ou seja, no per\u00edodo de at\u00e9 24 horas, conforme Portaria 204 de 17 de fevereiro de 2016.<\/div>\n<div><\/div>\n<div>A SES lembra que, para esclarecimento da causa morte e identifica\u00e7\u00e3o do perfil dos \u00f3bitos, se faz necess\u00e1rio realizar as investiga\u00e7\u00f5es no \u00e2mbito ambulatorial, domiciliar e hospitalar, utilizando o Protocolo de Investiga\u00e7\u00e3o de \u00f3bitos por Arbov\u00edrus Urbanos no Brasil (dengue, chikungunya e zika), institu\u00eddo pelo Minist\u00e9rio da Sa\u00fade no dia 13 de junho de 2016. Cabe \u00e0s secretarias municipais a investiga\u00e7\u00e3o dos \u00f3bitos e \u00e0s Ger\u00eancias Regionais de Sa\u00fade e N\u00facleo das Doen\u00e7as Transmiss\u00edveis Agudas da SES o apoio t\u00e9cnico da an\u00e1lise e discuss\u00e3o dos casos.<\/div>\n<div><\/div>\n<div>\u201c\u00c9 com a notifica\u00e7\u00e3o dos casos que podemos tomar decis\u00f5es precisas no combate ao vetor, como tamb\u00e9m tra\u00e7ar planos estrat\u00e9gicos para conter o avan\u00e7o e os danos causados por essas doen\u00e7as, os quais t\u00eam um alto impacto na sa\u00fade p\u00fablica\u201d, disse Renata N\u00f3brega.<\/div>\n<div><\/div>\n<div>Situa\u00e7\u00e3o laboratorial da dengue e chikungunya\u00a0\u2013 Na Para\u00edba, at\u00e9 29 de junho de 2017, foram testadas 530 amostras de sorologia para dengue (79 reagentes, 419 n\u00e3o reagentes, 31 indeterminadas e 1 inconclusiva) pelo Laborat\u00f3rio Central de Sa\u00fade P\u00fablica da Para\u00edba (Lacen-PB). J\u00e1 para testagem para chikungunya, foram encaminhadas 505 amostras (152 reagentes, 295 n\u00e3o reagentes e 58 indeterminadas).<\/div>\n<div><\/div>\n<div>Com o objetivo de identificar o tipo de v\u00edrus circulante no Estado, a Vigil\u00e2ncia Epidemiol\u00f3gica orienta aos munic\u00edpios o envio de amostras de isolamento viral para monitoramento das a\u00e7\u00f5es de combate ao Aedes.<\/div>\n<div><\/div>\n<div>Monitoramento das gestantes com suspeita de doen\u00e7a aguda pelo zika \u2013 Este ano, at\u00e9 a 28\u00aa semana epidemiol\u00f3gica, foram notificados 40 casos de gestantes com suspeita de zika v\u00edrus. J\u00e1 no ano de 2016 foram notificados 298 casos em gestantes.<\/div>\n<div><\/div>\n<div>LIRAa\u00a0\u2013 No per\u00edodo de 3 a 7 de julho deste ano foi realizado o 3\u00ba LIRAa (Levantamento de \u00cdndices R\u00e1pido do Aedes aegypti) e o LIA (Levantamento de \u00cdndices Amostral do Aedes aegypti) 2017 pelos munic\u00edpios paraibanos.<\/div>\n<div><\/div>\n<div>De acordo com os resultados enviados pelos 223 munic\u00edpios, 82 (36,8%) munic\u00edpios apresentaram \u00edndices que demonstram situa\u00e7\u00e3o de risco para ocorr\u00eancia de surto, 120 (53,8%) encontram-se em situa\u00e7\u00e3o de alerta e 21 (9,4%) munic\u00edpios est\u00e3o em situa\u00e7\u00e3o satisfat\u00f3ria; destes 6 (2,7%) apresentaram \u00cdndice de Infesta\u00e7\u00e3o Predial zero.<\/div>\n<div><\/div>\n<div>No que se referem \u00e0s visitas domiciliares de rotina realizadas pelos agentes de combate as endemias, de 1 de janeiro a 30 de junho, foram realizadas 4.132.511 visitas, sendo que destes, 448.319 im\u00f3veis (10,85%) ficaram fechados nos 223 munic\u00edpios.<\/div>\n<div><\/div>\n<div>A\u00e7\u00f5es realizadas\u00a0\u2013 Foi entregue \u00e0s Secretarias Municipais de Sa\u00fade a sexta remessa dos repelentes para distribui\u00e7\u00e3o com as gestantes do Programa Bolsa Fam\u00edlia \u2013 PBF; visitas t\u00e9cnicas aos munic\u00edpios da 1\u00aa, 3\u00aa, 4\u00aa e 7\u00aa Ger\u00eancia Regional de Sa\u00fade; al\u00e9m da realiza\u00e7\u00e3o de bloqueios de transmiss\u00e3o com aplica\u00e7\u00e3o de UBV Pesado (carro fumac\u00ea) nos munic\u00edpios com notifica\u00e7\u00e3o de casos suspeitos de arboviroses.<\/div>\n<div><\/div>\n<div>Arboviroses\u00a0\u2013 S\u00e3o as doen\u00e7as transmitidas ao homem por picadas de mosquitos \u2013 causadas pelos chamados Arbov\u00edrus, que incluem o v\u00edrus da dengue, zika e chikungunya (nestes casos, pelo mosquito Aedes aegypti infectado, um dos principais transmissores de arboviroses da atualidade).<\/div>\n<div>\n<p><strong>CARIRI EM A\u00c7\u00c3O<\/strong><\/p>\n<p><em>Com PI \/Foto: Reprodu\u00e7\u00e3o Internet<\/em><\/p>\n<p><strong>Leia mais not\u00edcias em\u00a0<\/strong><a href=\"http:\/\/www.caririemacao.com\/\"><strong>caririemacao.com<\/strong><\/a><strong>, siga nossa p\u00e1gina no\u00a0<\/strong><a href=\"https:\/\/www.facebook.com\/CaririEmAcao\/?ref=aymt_homepage_panel\"><strong>Facebook<\/strong><\/a>,<strong>\u00a0<\/strong><a href=\"https:\/\/www.instagram.com\/cariri_em_acao\/?hl=pt-br\"><strong>Instagram<\/strong><\/a><strong>\u00a0e <\/strong><a href=\"https:\/\/www.youtube.com\/channel\/UCAptA0jQuYQy8vMhLt2m4qg\"><strong>Youtube<\/strong><\/a><strong>\u00a0e veja nossas mat\u00e9rias, v\u00eddeos e fotos. Voc\u00ea tamb\u00e9m pode enviar informa\u00e7\u00f5es \u00e0 Reda\u00e7\u00e3o do Portal Cariri em A\u00e7\u00e3o pelo WhatsApp (83) 9 9634.5791, (83) 9 9601-1162.<\/strong><\/p>\n<\/div>\n","protected":false},"excerpt":{"rendered":"<p>A Secretaria de Estado da Sa\u00fade divulgou, nesta quarta-feira (2), o 7\u00ba Boletim Epidemiol\u00f3gico relacionado \u00e0s arboviroses, deste ano. O relat\u00f3rio demonstra que continua a&hellip; <\/p>\n","protected":false},"author":2,"featured_media":20959,"comment_status":"closed","ping_status":"closed","sticky":false,"template":"","format":"standard","meta":{"sfsi_plus_gutenberg_text_before_share":"","sfsi_plus_gutenberg_show_text_before_share":"","sfsi_plus_gutenberg_icon_type":"","sfsi_plus_gutenberg_icon_alignemt":"","sfsi_plus_gutenburg_max_per_row":"","footnotes":""},"categories":[16],"tags":[],"class_list":["post-37168","post","type-post","status-publish","format-standard","has-post-thumbnail","hentry","category-saude"],"_links":{"self":[{"href":"https:\/\/www.caririemacao.com\/1\/wp-json\/wp\/v2\/posts\/37168","targetHints":{"allow":["GET"]}}],"collection":[{"href":"https:\/\/www.caririemacao.com\/1\/wp-json\/wp\/v2\/posts"}],"about":[{"href":"https:\/\/www.caririemacao.com\/1\/wp-json\/wp\/v2\/types\/post"}],"author":[{"embeddable":true,"href":"https:\/\/www.caririemacao.com\/1\/wp-json\/wp\/v2\/users\/2"}],"replies":[{"embeddable":true,"href":"https:\/\/www.caririemacao.com\/1\/wp-json\/wp\/v2\/comments?post=37168"}],"version-history":[{"count":0,"href":"https:\/\/www.caririemacao.com\/1\/wp-json\/wp\/v2\/posts\/37168\/revisions"}],"wp:featuredmedia":[{"embeddable":true,"href":"https:\/\/www.caririemacao.com\/1\/wp-json\/wp\/v2\/media\/20959"}],"wp:attachment":[{"href":"https:\/\/www.caririemacao.com\/1\/wp-json\/wp\/v2\/media?parent=37168"}],"wp:term":[{"taxonomy":"category","embeddable":true,"href":"https:\/\/www.caririemacao.com\/1\/wp-json\/wp\/v2\/categories?post=37168"},{"taxonomy":"post_tag","embeddable":true,"href":"https:\/\/www.caririemacao.com\/1\/wp-json\/wp\/v2\/tags?post=37168"}],"curies":[{"name":"wp","href":"https:\/\/api.w.org\/{rel}","templated":true}]}}