{"id":37170,"date":"2018-01-12T21:12:11","date_gmt":"2018-01-13T00:12:11","guid":{"rendered":"http:\/\/caririemacao.com\/1\/?p=37170"},"modified":"2018-01-12T21:12:11","modified_gmt":"2018-01-13T00:12:11","slug":"carmen-lucia-vai-ter-encontro-para-discutir-julgamento-de-lula","status":"publish","type":"post","link":"https:\/\/www.caririemacao.com\/1\/2018\/01\/12\/carmen-lucia-vai-ter-encontro-para-discutir-julgamento-de-lula\/","title":{"rendered":"C\u00e1rmen L\u00facia vai ter encontro para discutir julgamento de Lula"},"content":{"rendered":"<p>A agenda da presidente do Supremo Tribunal Federal (STF), ministra C\u00e1rmen L\u00facia, prev\u00ea uma reuni\u00e3o na pr\u00f3xima segunda-feira (15), \u00e0s 10h, com o presidente do Tribunal Regional Federal da 4.\u00aa Regi\u00e3o (TRF4), desembargador Federal Thompson Flores.<\/p>\n<p>A programa\u00e7\u00e3o foi divulgada nesta sexta, e a assessoria do TRF-4 confirmou que um dos assuntos da audi\u00eancia ser\u00e1 o julgamento do ex-presidente Lula, em Porto Alegre, marcado para o pr\u00f3ximo dia 24. O TRF-4 vai julgar os recursos de Lula, condenado pelo juiz S\u00e9rgio Moro a uma pena de 9 anos e seis meses de pris\u00e3o, e de outros seis r\u00e9us no processo do famoso triplex do Guaruj\u00e1.<\/p>\n<p>Nesta quinta-feira (11) o Tribunal informou que os prazos e as intima\u00e7\u00f5es nos processos f\u00edsicos e eletr\u00f4nicos em curso na Corte foram suspensos nos dias 23 e 24. O expediente tamb\u00e9m ser\u00e1 alterado nessas datas. Al\u00e9m disso, o presidente do TRF-4 deve discutir com C\u00e1rmen as quest\u00f5es de seguran\u00e7a para o dia do julgamento.<\/p>\n<p>A suspens\u00e3o leva em conta as medidas que est\u00e3o sendo adotadas pelos \u00f3rg\u00e3os de seguran\u00e7a p\u00fablica do Estado do Rio Grande do Sul e pela Pol\u00edcia Federal &#8216;para garantir a seguran\u00e7a do p\u00fablico interno e externo durante a realiza\u00e7\u00e3o do julgamento da Apela\u00e7\u00e3o Criminal n\u00ba 5046512-94.2016.4.04.7000 no dia 24 de janeiro, \u00e0s 8h30, pela 8.\u00aa Turma&#8217;. Por meio da portaria 32\/2018, o presidente do TRF4 estabeleceu que o expediente no tribunal no dia 23 de janeiro ser\u00e1 das 8h \u00e0s 12h.<\/p>\n<p><strong>Planos econ\u00f4micos.\u00a0<\/strong>A agenda de C\u00e1rmen L\u00facia tamb\u00e9m prev\u00ea para segunda-feira, \u00e0s 12h, uma reuni\u00e3o com Paulo Rog\u00e9rio Caffarelli, presidente do Banco do Brasil, e Murilo Portugal, presidente da Febraban para discutir os acordos judiciais em fun\u00e7\u00e3o dos Planos Econ\u00f4micos. A presidente da Corte ainda encontra, \u00e0s 11h30, o desembargador Pedro Carlos Bitencourt Marcondes, presidente do Conselho de Presidentes dos Tribunais de Justi\u00e7a. A pauta \u00e9 a Reforma da Previd\u00eancia em tramita\u00e7\u00e3o no Congresso Nacional.<\/p>\n<p><strong>CARIRI EM A\u00c7\u00c3O<\/strong><\/p>\n<p><em>Com Estad\u00e3o\/Foto: Reprodu\u00e7\u00e3o Internet<\/em><\/p>\n<p><strong>Leia mais not\u00edcias em\u00a0<\/strong><a href=\"http:\/\/www.caririemacao.com\/\"><strong>caririemacao.com<\/strong><\/a><strong>, siga nossa p\u00e1gina no\u00a0<\/strong><a href=\"https:\/\/www.facebook.com\/CaririEmAcao\/?ref=aymt_homepage_panel\"><strong>Facebook<\/strong><\/a>,<strong>\u00a0<\/strong><a href=\"https:\/\/www.instagram.com\/cariri_em_acao\/?hl=pt-br\"><strong>Instagram<\/strong><\/a><strong>\u00a0e <\/strong><a href=\"https:\/\/www.youtube.com\/channel\/UCAptA0jQuYQy8vMhLt2m4qg\"><strong>Youtube<\/strong><\/a><strong>\u00a0e veja nossas mat\u00e9rias, v\u00eddeos e fotos. Voc\u00ea tamb\u00e9m pode enviar informa\u00e7\u00f5es \u00e0 Reda\u00e7\u00e3o do Portal Cariri em A\u00e7\u00e3o pelo WhatsApp (83) 9 9634.5791, (83) 9 9601-1162.<\/strong><\/p>\n","protected":false},"excerpt":{"rendered":"<p>A agenda da presidente do Supremo Tribunal Federal (STF), ministra C\u00e1rmen L\u00facia, prev\u00ea uma reuni\u00e3o na pr\u00f3xima segunda-feira (15), \u00e0s 10h, com o presidente do&hellip; <\/p>\n","protected":false},"author":2,"featured_media":12892,"comment_status":"closed","ping_status":"closed","sticky":false,"template":"","format":"standard","meta":{"sfsi_plus_gutenberg_text_before_share":"","sfsi_plus_gutenberg_show_text_before_share":"","sfsi_plus_gutenberg_icon_type":"","sfsi_plus_gutenberg_icon_alignemt":"","sfsi_plus_gutenburg_max_per_row":"","footnotes":""},"categories":[11],"tags":[],"class_list":["post-37170","post","type-post","status-publish","format-standard","has-post-thumbnail","hentry","category-politica"],"_links":{"self":[{"href":"https:\/\/www.caririemacao.com\/1\/wp-json\/wp\/v2\/posts\/37170","targetHints":{"allow":["GET"]}}],"collection":[{"href":"https:\/\/www.caririemacao.com\/1\/wp-json\/wp\/v2\/posts"}],"about":[{"href":"https:\/\/www.caririemacao.com\/1\/wp-json\/wp\/v2\/types\/post"}],"author":[{"embeddable":true,"href":"https:\/\/www.caririemacao.com\/1\/wp-json\/wp\/v2\/users\/2"}],"replies":[{"embeddable":true,"href":"https:\/\/www.caririemacao.com\/1\/wp-json\/wp\/v2\/comments?post=37170"}],"version-history":[{"count":0,"href":"https:\/\/www.caririemacao.com\/1\/wp-json\/wp\/v2\/posts\/37170\/revisions"}],"wp:featuredmedia":[{"embeddable":true,"href":"https:\/\/www.caririemacao.com\/1\/wp-json\/wp\/v2\/media\/12892"}],"wp:attachment":[{"href":"https:\/\/www.caririemacao.com\/1\/wp-json\/wp\/v2\/media?parent=37170"}],"wp:term":[{"taxonomy":"category","embeddable":true,"href":"https:\/\/www.caririemacao.com\/1\/wp-json\/wp\/v2\/categories?post=37170"},{"taxonomy":"post_tag","embeddable":true,"href":"https:\/\/www.caririemacao.com\/1\/wp-json\/wp\/v2\/tags?post=37170"}],"curies":[{"name":"wp","href":"https:\/\/api.w.org\/{rel}","templated":true}]}}