{"id":37173,"date":"2018-01-12T21:17:21","date_gmt":"2018-01-13T00:17:21","guid":{"rendered":"http:\/\/caririemacao.com\/1\/?p=37173"},"modified":"2018-01-12T21:17:21","modified_gmt":"2018-01-13T00:17:21","slug":"primeira-morte-por-febre-amarela-em-2018-e-confirmada-no-rio-de-janeiro","status":"publish","type":"post","link":"https:\/\/www.caririemacao.com\/1\/2018\/01\/12\/primeira-morte-por-febre-amarela-em-2018-e-confirmada-no-rio-de-janeiro\/","title":{"rendered":"Primeira morte por febre amarela em 2018 \u00e9 confirmada no Rio de Janeiro"},"content":{"rendered":"<p>A primeira morte do ano por\u00a0febre amarela\u00a0no Rio de Janeiro foi confirmada no in\u00edcio da tarde desta sexta-feira, 12, pela Secretaria Estadual de Sa\u00fade (SES). O morto era morador de Teres\u00f3polis, na regi\u00e3o serrana. Um outro caso da doen\u00e7a, em Valen\u00e7a, foi confirmado. Os casos foram confirmados ap\u00f3s exames laboratoriais realizados pela\u00a0Fiocruz.<\/p>\n<p>Desde janeiro de 2017, a SES vem adotando medidas preventivas e, antes mesmo de registrar os primeiros casos no territ\u00f3rio fluminense, a secretaria iniciou a cria\u00e7\u00e3o de cintur\u00f5es de bloqueio, recomendando a vacina\u00e7\u00e3o contra a febre amarela principalmente em munic\u00edpios de divisa com Esp\u00edrito Santo e Minas Gerais (\u00e1reas de risco para a doen\u00e7a).<\/p>\n<p>Vale destacar que, desde julho do ano passado, todos os 92 munic\u00edpios do estado j\u00e1 est\u00e3o inclu\u00eddos na \u00e1rea de recomenda\u00e7\u00e3o da vacina e\u00a0a campanha de vacina\u00e7\u00e3o permanece.<\/p>\n<p><strong>CARIRI EM A\u00c7\u00c3O<\/strong><\/p>\n<p><em>Com Estad\u00e3o\/Foto: Reprodu\u00e7\u00e3o Internet<\/em><\/p>\n<p><strong>Leia mais not\u00edcias em\u00a0<\/strong><a href=\"http:\/\/www.caririemacao.com\/\"><strong>caririemacao.com<\/strong><\/a><strong>, siga nossa p\u00e1gina no\u00a0<\/strong><a href=\"https:\/\/www.facebook.com\/CaririEmAcao\/?ref=aymt_homepage_panel\"><strong>Facebook<\/strong><\/a>,<strong>\u00a0<\/strong><a href=\"https:\/\/www.instagram.com\/cariri_em_acao\/?hl=pt-br\"><strong>Instagram<\/strong><\/a><strong>\u00a0e <\/strong><a href=\"https:\/\/www.youtube.com\/channel\/UCAptA0jQuYQy8vMhLt2m4qg\"><strong>Youtube<\/strong><\/a><strong>\u00a0e veja nossas mat\u00e9rias, v\u00eddeos e fotos. Voc\u00ea tamb\u00e9m pode enviar informa\u00e7\u00f5es \u00e0 Reda\u00e7\u00e3o do Portal Cariri em A\u00e7\u00e3o pelo WhatsApp (83) 9 9634.5791, (83) 9 9601-1162.<\/strong><\/p>\n","protected":false},"excerpt":{"rendered":"<p>A primeira morte do ano por\u00a0febre amarela\u00a0no Rio de Janeiro foi confirmada no in\u00edcio da tarde desta sexta-feira, 12, pela Secretaria Estadual de Sa\u00fade (SES).&hellip; <\/p>\n","protected":false},"author":2,"featured_media":11676,"comment_status":"closed","ping_status":"closed","sticky":false,"template":"","format":"standard","meta":{"sfsi_plus_gutenberg_text_before_share":"","sfsi_plus_gutenberg_show_text_before_share":"","sfsi_plus_gutenberg_icon_type":"","sfsi_plus_gutenberg_icon_alignemt":"","sfsi_plus_gutenburg_max_per_row":"","footnotes":""},"categories":[16],"tags":[],"class_list":["post-37173","post","type-post","status-publish","format-standard","has-post-thumbnail","hentry","category-saude"],"_links":{"self":[{"href":"https:\/\/www.caririemacao.com\/1\/wp-json\/wp\/v2\/posts\/37173","targetHints":{"allow":["GET"]}}],"collection":[{"href":"https:\/\/www.caririemacao.com\/1\/wp-json\/wp\/v2\/posts"}],"about":[{"href":"https:\/\/www.caririemacao.com\/1\/wp-json\/wp\/v2\/types\/post"}],"author":[{"embeddable":true,"href":"https:\/\/www.caririemacao.com\/1\/wp-json\/wp\/v2\/users\/2"}],"replies":[{"embeddable":true,"href":"https:\/\/www.caririemacao.com\/1\/wp-json\/wp\/v2\/comments?post=37173"}],"version-history":[{"count":0,"href":"https:\/\/www.caririemacao.com\/1\/wp-json\/wp\/v2\/posts\/37173\/revisions"}],"wp:featuredmedia":[{"embeddable":true,"href":"https:\/\/www.caririemacao.com\/1\/wp-json\/wp\/v2\/media\/11676"}],"wp:attachment":[{"href":"https:\/\/www.caririemacao.com\/1\/wp-json\/wp\/v2\/media?parent=37173"}],"wp:term":[{"taxonomy":"category","embeddable":true,"href":"https:\/\/www.caririemacao.com\/1\/wp-json\/wp\/v2\/categories?post=37173"},{"taxonomy":"post_tag","embeddable":true,"href":"https:\/\/www.caririemacao.com\/1\/wp-json\/wp\/v2\/tags?post=37173"}],"curies":[{"name":"wp","href":"https:\/\/api.w.org\/{rel}","templated":true}]}}