{"id":37175,"date":"2018-01-12T21:20:37","date_gmt":"2018-01-13T00:20:37","guid":{"rendered":"http:\/\/caririemacao.com\/1\/?p=37175"},"modified":"2018-01-12T21:20:37","modified_gmt":"2018-01-13T00:20:37","slug":"deputado-federal-confirma-convite-de-ricardo-para-disputar-o-senado","status":"publish","type":"post","link":"https:\/\/www.caririemacao.com\/1\/2018\/01\/12\/deputado-federal-confirma-convite-de-ricardo-para-disputar-o-senado\/","title":{"rendered":"Deputado federal confirma convite de Ricardo para disputar o Senado"},"content":{"rendered":"<p>O deputado federal Veneziano Vital do R\u00eago (MDB) afirmou que seu nome vai ser trabalhado como op\u00e7\u00e3o na disputa pelo Senado neste ano, mas garantiu que n\u00e3o h\u00e1 nada definido. Ele destacou que est\u00e1 trabalhando pela reelei\u00e7\u00e3o at\u00e9 o momento, mas colocou o nome \u00e0 disposi\u00e7\u00e3o para ser discutido.<\/p>\n<div>Veneziano alegou que o governador Ricardo Coutinho (PSB) o questionou se ele teria vontade de se candidatar a senador neste ano e ele respondeu que o socialista pode contar com seu nome, caso seja de sua vontade e de seus correligion\u00e1rios.<\/div>\n<div><\/div>\n<div>\u2013 O governador disse que eu poderia ajudar expressivamente a chapa majorit\u00e1ria. Eu disse \u201cfique \u00e0 vontade, governador, mas \u00e9 importante que o senhor ou\u00e7a as demais outras siglas\u201d. \u2013 disse.<\/div>\n<div><\/div>\n<div>As informa\u00e7\u00f5es foram concedidas \u00e0 R\u00e1dio Arapuan FM.<\/div>\n<div>\n<p><strong>CARIRI EM A\u00c7\u00c3O<\/strong><\/p>\n<p><em>Com PB Online\/Foto: Reprodu\u00e7\u00e3o Internet<\/em><\/p>\n<p><strong>Leia mais not\u00edcias em\u00a0<\/strong><a href=\"http:\/\/www.caririemacao.com\/\"><strong>caririemacao.com<\/strong><\/a><strong>, siga nossa p\u00e1gina no\u00a0<\/strong><a href=\"https:\/\/www.facebook.com\/CaririEmAcao\/?ref=aymt_homepage_panel\"><strong>Facebook<\/strong><\/a>,<strong>\u00a0<\/strong><a href=\"https:\/\/www.instagram.com\/cariri_em_acao\/?hl=pt-br\"><strong>Instagram<\/strong><\/a><strong>\u00a0e <\/strong><a href=\"https:\/\/www.youtube.com\/channel\/UCAptA0jQuYQy8vMhLt2m4qg\"><strong>Youtube<\/strong><\/a><strong>\u00a0e veja nossas mat\u00e9rias, v\u00eddeos e fotos. Voc\u00ea tamb\u00e9m pode enviar informa\u00e7\u00f5es \u00e0 Reda\u00e7\u00e3o do Portal Cariri em A\u00e7\u00e3o pelo WhatsApp (83) 9 9634.5791, (83) 9 9601-1162.<\/strong><\/p>\n<\/div>\n","protected":false},"excerpt":{"rendered":"<p>O deputado federal Veneziano Vital do R\u00eago (MDB) afirmou que seu nome vai ser trabalhado como op\u00e7\u00e3o na disputa pelo Senado neste ano, mas garantiu&hellip; <\/p>\n","protected":false},"author":2,"featured_media":37176,"comment_status":"closed","ping_status":"closed","sticky":false,"template":"","format":"standard","meta":{"sfsi_plus_gutenberg_text_before_share":"","sfsi_plus_gutenberg_show_text_before_share":"","sfsi_plus_gutenberg_icon_type":"","sfsi_plus_gutenberg_icon_alignemt":"","sfsi_plus_gutenburg_max_per_row":"","footnotes":""},"categories":[11],"tags":[],"class_list":["post-37175","post","type-post","status-publish","format-standard","has-post-thumbnail","hentry","category-politica"],"_links":{"self":[{"href":"https:\/\/www.caririemacao.com\/1\/wp-json\/wp\/v2\/posts\/37175","targetHints":{"allow":["GET"]}}],"collection":[{"href":"https:\/\/www.caririemacao.com\/1\/wp-json\/wp\/v2\/posts"}],"about":[{"href":"https:\/\/www.caririemacao.com\/1\/wp-json\/wp\/v2\/types\/post"}],"author":[{"embeddable":true,"href":"https:\/\/www.caririemacao.com\/1\/wp-json\/wp\/v2\/users\/2"}],"replies":[{"embeddable":true,"href":"https:\/\/www.caririemacao.com\/1\/wp-json\/wp\/v2\/comments?post=37175"}],"version-history":[{"count":0,"href":"https:\/\/www.caririemacao.com\/1\/wp-json\/wp\/v2\/posts\/37175\/revisions"}],"wp:featuredmedia":[{"embeddable":true,"href":"https:\/\/www.caririemacao.com\/1\/wp-json\/wp\/v2\/media\/37176"}],"wp:attachment":[{"href":"https:\/\/www.caririemacao.com\/1\/wp-json\/wp\/v2\/media?parent=37175"}],"wp:term":[{"taxonomy":"category","embeddable":true,"href":"https:\/\/www.caririemacao.com\/1\/wp-json\/wp\/v2\/categories?post=37175"},{"taxonomy":"post_tag","embeddable":true,"href":"https:\/\/www.caririemacao.com\/1\/wp-json\/wp\/v2\/tags?post=37175"}],"curies":[{"name":"wp","href":"https:\/\/api.w.org\/{rel}","templated":true}]}}