{"id":37178,"date":"2018-01-12T21:30:10","date_gmt":"2018-01-13T00:30:10","guid":{"rendered":"http:\/\/caririemacao.com\/1\/?p=37178"},"modified":"2018-01-12T21:30:10","modified_gmt":"2018-01-13T00:30:10","slug":"governo-do-estado-pede-na-justica-multa-milionaria-contra-banco-do-brasil-por-descumprir-decisao-de-liberar-emprestimo","status":"publish","type":"post","link":"https:\/\/www.caririemacao.com\/1\/2018\/01\/12\/governo-do-estado-pede-na-justica-multa-milionaria-contra-banco-do-brasil-por-descumprir-decisao-de-liberar-emprestimo\/","title":{"rendered":"Governo do Estado pede na Justi\u00e7a multa milion\u00e1ria contra Banco do Brasil por descumprir decis\u00e3o de liberar empr\u00e9stimo"},"content":{"rendered":"<p>O Governo do Estado requereu \u00e0 1\u00aa Vara da Fazenda P\u00fablica da Comarca da Capital a aplica\u00e7\u00e3o de multa ao Banco do Brasil, por descumprir decis\u00e3o judicial que determinou a assinatura, no prazo de cinco dias, de dois empr\u00e9stimos para programa de infraestrutura, no valor de R$ 112.800 mil, e para o programa Minha Casa Minha Vida, no valor de R$ 36.943.220,59.<\/p>\n<p>Conforme a decis\u00e3o do juiz plantonista Jos\u00e9 Ferreira Ramos J\u00fanior, da 2\u00aa Turma Recursal Permanente de Jo\u00e3o Pessoa, que mandou destravar as opera\u00e7\u00f5es de cr\u00e9dito, a pena para o descumprimento da decis\u00e3o \u00e9 a aplica\u00e7\u00e3o de multa di\u00e1ria equivalente a 10% do valor do contrato do empr\u00e9stimo at\u00e9 integral satisfa\u00e7\u00e3o da obriga\u00e7\u00e3o.<\/p>\n<p>\u201cOcorre que o Banco do Brasil S\/A at\u00e9 o momento ainda n\u00e3o procedeu \u00e0s assinaturas das referidas opera\u00e7\u00f5es de cr\u00e9dito, caracterizando-se, assim, o descumprimento da determina\u00e7\u00e3o judicial, visto que a intima\u00e7\u00e3o pessoal do Superintendente Estadual do Banco do Brasil S\/A foi realizada na data de 04 de janeiro de 2018, ou seja, h\u00e1 mais de cinco dias\u201d, diz a peti\u00e7\u00e3o protocolada pelo Governo do Estado na Justi\u00e7a.<\/p>\n<p>De acordo com o Estado, o retardamento no cumprimento da obriga\u00e7\u00e3o pelo Banco do Brasil causar\u00e1 preju\u00edzo para consecu\u00e7\u00e3o dos objetivos p\u00fablicos aos quais se destinam os recursos, \u201ccom evidente preju\u00edzo \u00e0 popula\u00e7\u00e3o paraibana\u201d, ressalta o Estado.<\/p>\n<p>Segundo a Secretaria de Estado da Infraestrutura, do Recursos H\u00eddricos, do Meio Ambiente e da Ci\u00eancia e Tecnologia \u2014 SEIRHMACT, o programa Minha Casa, Minha Vida &#8220;est\u00e1 em menor produ\u00e7\u00e3o, por motivo do Governo Federal exigir a Contrapartida dos recursos do Estado para libera\u00e7\u00e3o de recursos para constru\u00e7\u00e3o dos im\u00f3veis&#8221;, e, conforme a Procuradoria Geral do Estado, a opera\u00e7\u00e3o de cr\u00e9dito atrelada \u00e0 infraestrutura contempla atividades vinculadas \u00e0s \u00e1reas de seguran\u00e7a, sa\u00fade, \u00e1gua, saneamento, recursos h\u00eddricos, infraestrutura vi\u00e1ria, desenvolvimento econ\u00f4mico e infraestrutura de munic\u00edpios.<\/p>\n<p><strong>CARIRI EM A\u00c7\u00c3O<\/strong><\/p>\n<p><em>Com clickpb\/Foto: Reprodu\u00e7\u00e3o Internet<\/em><\/p>\n<p><strong>Leia mais not\u00edcias em\u00a0<\/strong><a href=\"http:\/\/www.caririemacao.com\/\"><strong>caririemacao.com<\/strong><\/a><strong>, siga nossa p\u00e1gina no\u00a0<\/strong><a href=\"https:\/\/www.facebook.com\/CaririEmAcao\/?ref=aymt_homepage_panel\"><strong>Facebook<\/strong><\/a>,<strong>\u00a0<\/strong><a href=\"https:\/\/www.instagram.com\/cariri_em_acao\/?hl=pt-br\"><strong>Instagram<\/strong><\/a><strong>\u00a0e <\/strong><a href=\"https:\/\/www.youtube.com\/channel\/UCAptA0jQuYQy8vMhLt2m4qg\"><strong>Youtube<\/strong><\/a><strong>\u00a0e veja nossas mat\u00e9rias, v\u00eddeos e fotos. Voc\u00ea tamb\u00e9m pode enviar informa\u00e7\u00f5es \u00e0 Reda\u00e7\u00e3o do Portal Cariri em A\u00e7\u00e3o pelo WhatsApp (83) 9 9634.5791, (83) 9 9601-1162.<\/strong><\/p>\n","protected":false},"excerpt":{"rendered":"<p>O Governo do Estado requereu \u00e0 1\u00aa Vara da Fazenda P\u00fablica da Comarca da Capital a aplica\u00e7\u00e3o de multa ao Banco do Brasil, por descumprir&hellip; <\/p>\n","protected":false},"author":2,"featured_media":37180,"comment_status":"closed","ping_status":"closed","sticky":false,"template":"","format":"standard","meta":{"sfsi_plus_gutenberg_text_before_share":"","sfsi_plus_gutenberg_show_text_before_share":"","sfsi_plus_gutenberg_icon_type":"","sfsi_plus_gutenberg_icon_alignemt":"","sfsi_plus_gutenburg_max_per_row":"","footnotes":""},"categories":[2],"tags":[],"class_list":["post-37178","post","type-post","status-publish","format-standard","has-post-thumbnail","hentry","category-geral"],"_links":{"self":[{"href":"https:\/\/www.caririemacao.com\/1\/wp-json\/wp\/v2\/posts\/37178","targetHints":{"allow":["GET"]}}],"collection":[{"href":"https:\/\/www.caririemacao.com\/1\/wp-json\/wp\/v2\/posts"}],"about":[{"href":"https:\/\/www.caririemacao.com\/1\/wp-json\/wp\/v2\/types\/post"}],"author":[{"embeddable":true,"href":"https:\/\/www.caririemacao.com\/1\/wp-json\/wp\/v2\/users\/2"}],"replies":[{"embeddable":true,"href":"https:\/\/www.caririemacao.com\/1\/wp-json\/wp\/v2\/comments?post=37178"}],"version-history":[{"count":0,"href":"https:\/\/www.caririemacao.com\/1\/wp-json\/wp\/v2\/posts\/37178\/revisions"}],"wp:featuredmedia":[{"embeddable":true,"href":"https:\/\/www.caririemacao.com\/1\/wp-json\/wp\/v2\/media\/37180"}],"wp:attachment":[{"href":"https:\/\/www.caririemacao.com\/1\/wp-json\/wp\/v2\/media?parent=37178"}],"wp:term":[{"taxonomy":"category","embeddable":true,"href":"https:\/\/www.caririemacao.com\/1\/wp-json\/wp\/v2\/categories?post=37178"},{"taxonomy":"post_tag","embeddable":true,"href":"https:\/\/www.caririemacao.com\/1\/wp-json\/wp\/v2\/tags?post=37178"}],"curies":[{"name":"wp","href":"https:\/\/api.w.org\/{rel}","templated":true}]}}