{"id":37179,"date":"2018-01-12T21:31:26","date_gmt":"2018-01-13T00:31:26","guid":{"rendered":"http:\/\/caririemacao.com\/1\/?p=37179"},"modified":"2018-01-12T21:31:26","modified_gmt":"2018-01-13T00:31:26","slug":"prefeitos-do-cariri-participa-da-reuniao-da-famup-e-cobram-ajuda-do-governo-federal","status":"publish","type":"post","link":"https:\/\/www.caririemacao.com\/1\/2018\/01\/12\/prefeitos-do-cariri-participa-da-reuniao-da-famup-e-cobram-ajuda-do-governo-federal\/","title":{"rendered":"Prefeitos do Cariri participa da reuni\u00e3o da Famup e cobram ajuda do Governo Federal"},"content":{"rendered":"<p>Atendendo convite da Famup, prefeitos e prefeitas da Para\u00edba participaram nesta quinta-feira (11), de uma reuni\u00e3o em um hotel em Jo\u00e3o Pessoa, para tratar sobre ajuda financeira prometida pelo Governo Federal, al\u00e9m de reajuste de programas sociais e de mais uni\u00e3o dos gestores para cobrar apoio de seus deputados federais e senadores.<\/p>\n<p>Alguns prefeitos de cidades do Cariri marcaram presen\u00e7a, tais como Monteiro, Ouro Velho, S\u00e3o Jos\u00e9 dos Cordeiros, Cabaceiras, Amparo, Serra Branca, Congo, Livramento, dentre outros. A prefeita de Monteiro, Anna Lorena, comp\u00f4s a mesa e destacou a import\u00e2ncia da uni\u00e3o dos gestores paraibanos na luta por mais recursos federais em prol de seus munic\u00edpios.<\/p>\n<p>Conforme acompanhou o\u00a0mais de 100 prefeitos marcaram presen\u00e7a, refor\u00e7ando o apelo do presidente da Famup, Tota Guedes, de que o Governo Federal cumpra com o que prometeu tr\u00eas vezes, o repasse da ajuda financeira para tirar os munic\u00edpios da crise enfrentada ao longo de 2017, bem como reajuste de programas sociais.<\/p>\n<p>O presidente da CNM, Paulo Ziulkoski, participou da reuni\u00e3o atrav\u00e9s de uma transmiss\u00e3o online via internet, utilizando o Skype, diretamente do Rio Grande do Sul. Ele criticou o calote que o presidente Michel Temer deu nos prefeitos paraibanos, j\u00e1 que prometeu o repasse da ajuda financeira e n\u00e3o cumpriu.<\/p>\n<p>Os prefeitos encerraram a reuni\u00e3o fazendo v\u00e1rias cr\u00edticas ao governo Temer.<\/p>\n<p><strong>CARIRI EM A\u00c7\u00c3O<\/strong><\/p>\n<p><em>Com Ascom\/Foto: Reprodu\u00e7\u00e3o Internet<\/em><\/p>\n<p><strong>Leia mais not\u00edcias em\u00a0<\/strong><a href=\"http:\/\/www.caririemacao.com\/\"><strong>caririemacao.com<\/strong><\/a><strong>, siga nossa p\u00e1gina no\u00a0<\/strong><a href=\"https:\/\/www.facebook.com\/CaririEmAcao\/?ref=aymt_homepage_panel\"><strong>Facebook<\/strong><\/a>,<strong>\u00a0<\/strong><a href=\"https:\/\/www.instagram.com\/cariri_em_acao\/?hl=pt-br\"><strong>Instagram<\/strong><\/a><strong>\u00a0e\u00a0<\/strong><a href=\"https:\/\/www.youtube.com\/channel\/UCAptA0jQuYQy8vMhLt2m4qg\"><strong>Youtube<\/strong><\/a><strong>\u00a0e veja nossas mat\u00e9rias, v\u00eddeos e fotos. Voc\u00ea tamb\u00e9m pode enviar informa\u00e7\u00f5es \u00e0 Reda\u00e7\u00e3o do Portal Cariri em A\u00e7\u00e3o pelo WhatsApp (83) 9 9634.5791, (83) 9 9601-1162.<\/strong><\/p>\n","protected":false},"excerpt":{"rendered":"<p>Atendendo convite da Famup, prefeitos e prefeitas da Para\u00edba participaram nesta quinta-feira (11), de uma reuni\u00e3o em um hotel em Jo\u00e3o Pessoa, para tratar sobre&hellip; <\/p>\n","protected":false},"author":2,"featured_media":37182,"comment_status":"closed","ping_status":"closed","sticky":false,"template":"","format":"standard","meta":{"sfsi_plus_gutenberg_text_before_share":"","sfsi_plus_gutenberg_show_text_before_share":"","sfsi_plus_gutenberg_icon_type":"","sfsi_plus_gutenberg_icon_alignemt":"","sfsi_plus_gutenburg_max_per_row":"","footnotes":""},"categories":[1,11],"tags":[],"class_list":["post-37179","post","type-post","status-publish","format-standard","has-post-thumbnail","hentry","category-o-site","category-politica"],"_links":{"self":[{"href":"https:\/\/www.caririemacao.com\/1\/wp-json\/wp\/v2\/posts\/37179","targetHints":{"allow":["GET"]}}],"collection":[{"href":"https:\/\/www.caririemacao.com\/1\/wp-json\/wp\/v2\/posts"}],"about":[{"href":"https:\/\/www.caririemacao.com\/1\/wp-json\/wp\/v2\/types\/post"}],"author":[{"embeddable":true,"href":"https:\/\/www.caririemacao.com\/1\/wp-json\/wp\/v2\/users\/2"}],"replies":[{"embeddable":true,"href":"https:\/\/www.caririemacao.com\/1\/wp-json\/wp\/v2\/comments?post=37179"}],"version-history":[{"count":0,"href":"https:\/\/www.caririemacao.com\/1\/wp-json\/wp\/v2\/posts\/37179\/revisions"}],"wp:featuredmedia":[{"embeddable":true,"href":"https:\/\/www.caririemacao.com\/1\/wp-json\/wp\/v2\/media\/37182"}],"wp:attachment":[{"href":"https:\/\/www.caririemacao.com\/1\/wp-json\/wp\/v2\/media?parent=37179"}],"wp:term":[{"taxonomy":"category","embeddable":true,"href":"https:\/\/www.caririemacao.com\/1\/wp-json\/wp\/v2\/categories?post=37179"},{"taxonomy":"post_tag","embeddable":true,"href":"https:\/\/www.caririemacao.com\/1\/wp-json\/wp\/v2\/tags?post=37179"}],"curies":[{"name":"wp","href":"https:\/\/api.w.org\/{rel}","templated":true}]}}