{"id":37184,"date":"2018-01-12T21:41:50","date_gmt":"2018-01-13T00:41:50","guid":{"rendered":"http:\/\/caririemacao.com\/1\/?p=37184"},"modified":"2018-01-12T21:42:47","modified_gmt":"2018-01-13T00:42:47","slug":"mpf-conclui-que-ha-clamorosas-evidencias-de-que-recibos-de-lula-sao-falso","status":"publish","type":"post","link":"https:\/\/www.caririemacao.com\/1\/2018\/01\/12\/mpf-conclui-que-ha-clamorosas-evidencias-de-que-recibos-de-lula-sao-falso\/","title":{"rendered":"MPF conclui que h\u00e1 &#8220;clamorosas evid\u00eancias&#8221; de que recibos de Lula s\u00e3o falso"},"content":{"rendered":"<p class=\" \">O Minist\u00e9rio P\u00fablico Federal (MPF) pediu que o juiz S\u00e9rgio Moro reconhe\u00e7a como falsos os\u00a0\u00a0recibos de pagamento de aluguel\u00a0apresentados\u00a0pela defesa do ex-presidente Luiz In\u00e1cio Lula da Silva em a\u00e7\u00e3o da Opera\u00e7\u00e3o Lava Jato. Os documentos foram entregues pelos advogados do petista para comprovar a loca\u00e7\u00e3o de um apartamento que pertence a Glaucos da Costamarques em S\u00e3o Bernardo do Campo, no ABC Paulista. O MPF diz que o im\u00f3vel foi\u00a0colocado \u00e0 disposi\u00e7\u00e3o do ex-presidente pela Odebrecht como contrapartida\u00a0\u00e0 atua\u00e7\u00e3o de Lula a favor da empreiteira.<\/p>\n<p>Em alega\u00e7\u00f5es\u00a0finais da acusa\u00e7\u00e3o entregues \u00e0 Justi\u00e7a na noite dessa quinta-feira (11) no \u00e2mbito do\u00a0processo de incidente de falsidade acerca dos recibos\u00a0, os procuradores que atuam em Curitiba afirmaram haver &#8220;clamorosas evid\u00eancias&#8221; de que os documentos apresentados pelos advogados de\u00a0<strong>Lula<\/strong>\u00a0s\u00e3o &#8220;ideologicamente falsos&#8221;.<\/p>\n<p><a href=\"http:\/\/caririemacao.com\/1\/wp-content\/uploads\/2018\/01\/bsr8rlvipn4n39ohn96ma9e98.jpg\"><img fetchpriority=\"high\" decoding=\"async\" class=\"aligncenter wp-image-37187 size-full\" src=\"http:\/\/caririemacao.com\/1\/wp-content\/uploads\/2018\/01\/bsr8rlvipn4n39ohn96ma9e98.jpg\" alt=\"\" width=\"652\" height=\"408\" srcset=\"https:\/\/www.caririemacao.com\/1\/wp-content\/uploads\/2018\/01\/bsr8rlvipn4n39ohn96ma9e98.jpg 652w, https:\/\/www.caririemacao.com\/1\/wp-content\/uploads\/2018\/01\/bsr8rlvipn4n39ohn96ma9e98-300x188.jpg 300w\" sizes=\"(max-width: 652px) 100vw, 652px\" \/><\/a><\/p>\n<div id=\"noticia\">\n<p>&#8220;Todo o acervo probat\u00f3rio patenteia, de forma inequ\u00edvoca, que os recibos carreados aos autos constituem falsos ideol\u00f3gicos, j\u00e1 que o que se ap\u00f4s nesses escritos n\u00e3o corresponde \u00e0 verdade das declara\u00e7\u00f5es ali feitas. Efetivamente, os instrumentos objeto do presente incidente foram produzidos para, deliberada e exclusivamente, alterar a verdade sobre fatos juridicamente relevantes, atribuindo fict\u00edcio lastro \u00e0 loca\u00e7\u00e3o simulada do apartamento&#8221;, diz o MPF.<\/p>\n<p>O grupo coordenado pelo procurador Deltan Dallagnol\u00a0chega a chamar de &#8220;fantasiosa&#8221; a vers\u00e3o apresentada pela defesa do ex-presidente e afirma que houve uma &#8220;desabalada corrida&#8221; para confeccionar os recibos. Nesse ponto, o MPF cita o epis\u00f3dio em que o dono do apartamento, Glaucos da Costamarques, foi\u00a0\u00a0visitado quando estava internado no hospital S\u00edrio-Liban\u00eas\u00a0pelo contador Jo\u00e3o Muniz Leite. O contador confirmou em depoimentos que, na ocasi\u00e3o, ele levou recibos de aluguel para que Glaucos assinasse.<\/p>\n<p>&#8220;A anormalidade manifesta dessa desabalada corrida do contador Jo\u00e3o Muniz Leite ao hospital para a colheita das assinaturas de Glaucos, que se encontrava internado, bem patenteia que havia uma especial preocupa\u00e7\u00e3o no uso que seria feito desses documentos: os envolvidos na oculta\u00e7\u00e3o da propriedade do apartamento n. 121 buscavam com urg\u00eancia a confec\u00e7\u00e3o e assinatura dos recibos a dar lastro \u00e0 inexistente rela\u00e7\u00e3o locat\u00edcia,\u00a0notadamente diante do contexto em que Jos\u00e9 Carlos Bumlai acabara de ser preso no \u00e2mbito da Opera\u00e7\u00e3o Lava Jato e, coincidentemente, tamb\u00e9m se iniciavam as investiga\u00e7\u00f5es com rela\u00e7\u00e3o a ind\u00edcios de oculta\u00e7\u00e3o de patrim\u00f4nio por\u00a0Luiz In\u00e1cio Lula da Silva&#8221;, escrevem os procuradores.<\/p>\n<h3>Defesa<\/h3>\n<p>A defesa de Lula se manifestou na manh\u00e3 desta sexta-feira (12) sobre as alega\u00e7\u00f5es do MPF, afirmando que a Procuradoria &#8220;abusa do direito de acusar&#8221; e &#8220;refor\u00e7a a pr\u00e1tica do\u00a0<em>lawfare<\/em>\u00a0&#8220;, que \u00e9, segundo definem os advogados do petista, o &#8220;uso das leis para fins pol\u00edticos&#8221;.<\/p>\n<p>O advogado Cristiano Zanin Martins, que representa o ex-presidente, reafirmou ainda seu entendimento de que est\u00e1 comprovado\u00a0que os documentos s\u00e3o &#8220;aut\u00eanticos e id\u00f4neos&#8221;.<\/p>\n<p>&#8220;Ao inv\u00e9s de reconhecerem a improced\u00eancia da acusa\u00e7\u00e3o [sobre o uso do apartamento], os procuradores passaram a colocar indevidamente sob suspeita a autenticidade dos recibos. Depois, diante da prova de que os recibos haviam sido assinados pelo propriet\u00e1rio do im\u00f3vel, os\u00a0procuradores desistiram de pedir uma per\u00edcia em rela\u00e7\u00e3o aos documentos\u00a0, passando a sustentar que eles seriam &#8216;ideologicamente falsos&#8217;, pois, segundo a vers\u00e3o apresentada, os alugu\u00e9is n\u00e3o teriam sido efetivamente pagos. A acusa\u00e7\u00e3o \u00e9 inver\u00eddica e descabida&#8221;, afirmou o advogado de Lula.<\/p>\n<p><strong>CARIRI EM A\u00c7\u00c3O<\/strong><\/p>\n<p><em>Com \u00daltimo segundo\/Foto: Reprodu\u00e7\u00e3o Internet<\/em><\/p>\n<p><strong>Leia mais not\u00edcias em\u00a0<\/strong><a href=\"http:\/\/www.caririemacao.com\/\"><strong>caririemacao.com<\/strong><\/a><strong>, siga nossa p\u00e1gina no\u00a0<\/strong><a href=\"https:\/\/www.facebook.com\/CaririEmAcao\/?ref=aymt_homepage_panel\"><strong>Facebook<\/strong><\/a>,<strong>\u00a0<\/strong><a href=\"https:\/\/www.instagram.com\/cariri_em_acao\/?hl=pt-br\"><strong>Instagram<\/strong><\/a><strong>\u00a0e <\/strong><a href=\"https:\/\/www.youtube.com\/channel\/UCAptA0jQuYQy8vMhLt2m4qg\"><strong>Youtube<\/strong><\/a><strong>\u00a0e veja nossas mat\u00e9rias, v\u00eddeos e fotos. Voc\u00ea tamb\u00e9m pode enviar informa\u00e7\u00f5es \u00e0 Reda\u00e7\u00e3o do Portal Cariri em A\u00e7\u00e3o pelo WhatsApp (83) 9 9634.5791, (83) 9 9601-1162.<\/strong><\/p>\n<\/div>\n","protected":false},"excerpt":{"rendered":"<p>O Minist\u00e9rio P\u00fablico Federal (MPF) pediu que o juiz S\u00e9rgio Moro reconhe\u00e7a como falsos os\u00a0\u00a0recibos de pagamento de aluguel\u00a0apresentados\u00a0pela defesa do ex-presidente Luiz In\u00e1cio Lula&hellip; <\/p>\n","protected":false},"author":2,"featured_media":11047,"comment_status":"closed","ping_status":"closed","sticky":false,"template":"","format":"standard","meta":{"sfsi_plus_gutenberg_text_before_share":"","sfsi_plus_gutenberg_show_text_before_share":"","sfsi_plus_gutenberg_icon_type":"","sfsi_plus_gutenberg_icon_alignemt":"","sfsi_plus_gutenburg_max_per_row":"","footnotes":""},"categories":[11],"tags":[],"class_list":["post-37184","post","type-post","status-publish","format-standard","has-post-thumbnail","hentry","category-politica"],"_links":{"self":[{"href":"https:\/\/www.caririemacao.com\/1\/wp-json\/wp\/v2\/posts\/37184","targetHints":{"allow":["GET"]}}],"collection":[{"href":"https:\/\/www.caririemacao.com\/1\/wp-json\/wp\/v2\/posts"}],"about":[{"href":"https:\/\/www.caririemacao.com\/1\/wp-json\/wp\/v2\/types\/post"}],"author":[{"embeddable":true,"href":"https:\/\/www.caririemacao.com\/1\/wp-json\/wp\/v2\/users\/2"}],"replies":[{"embeddable":true,"href":"https:\/\/www.caririemacao.com\/1\/wp-json\/wp\/v2\/comments?post=37184"}],"version-history":[{"count":0,"href":"https:\/\/www.caririemacao.com\/1\/wp-json\/wp\/v2\/posts\/37184\/revisions"}],"wp:featuredmedia":[{"embeddable":true,"href":"https:\/\/www.caririemacao.com\/1\/wp-json\/wp\/v2\/media\/11047"}],"wp:attachment":[{"href":"https:\/\/www.caririemacao.com\/1\/wp-json\/wp\/v2\/media?parent=37184"}],"wp:term":[{"taxonomy":"category","embeddable":true,"href":"https:\/\/www.caririemacao.com\/1\/wp-json\/wp\/v2\/categories?post=37184"},{"taxonomy":"post_tag","embeddable":true,"href":"https:\/\/www.caririemacao.com\/1\/wp-json\/wp\/v2\/tags?post=37184"}],"curies":[{"name":"wp","href":"https:\/\/api.w.org\/{rel}","templated":true}]}}