{"id":37200,"date":"2018-01-13T06:17:21","date_gmt":"2018-01-13T09:17:21","guid":{"rendered":"http:\/\/caririemacao.com\/1\/?p=37200"},"modified":"2018-01-13T06:17:21","modified_gmt":"2018-01-13T09:17:21","slug":"ex-jogador-do-vasco-e-assassinado-a-tiros-no-litoral-de-sp","status":"publish","type":"post","link":"https:\/\/www.caririemacao.com\/1\/2018\/01\/13\/ex-jogador-do-vasco-e-assassinado-a-tiros-no-litoral-de-sp\/","title":{"rendered":"Ex-jogador do Vasco \u00e9 assassinado a tiros no litoral de SP"},"content":{"rendered":"<div class=\"mc-column content-text active-extra-styles active-capital-letter\" data-block-type=\"unstyled\" data-block-weight=\"69\" data-block-id=\"2\">\n<p class=\"content-text__container theme-color-primary-first-letter\" data-track-category=\"Link no Texto\" data-track-links=\"\">O jogador de futebol Alan J\u00fanior Pereira Alves, de 26 anos, ex-atleta do Vasco da Gama, do Rio de Janeiro, e que atualmente atuava no Club Deportivo y Social Santa Rita, do Equador, foi morto em Praia Grande, no litoral de S\u00e3o Paulo, na noite desta sexta-feira (12). Ele estava com um amigo pr\u00f3ximo a um campo de v\u00e1rzea, quando ambos foram alvos de dois atiradores em uma moto.<\/p>\n<\/div>\n<div class=\"mc-column content-text active-extra-styles \" data-block-type=\"unstyled\" data-block-weight=\"50\" data-block-id=\"3\">\n<p class=\"content-text__container \" data-track-category=\"Link no Texto\" data-track-links=\"\">Conforme informa\u00e7\u00f5es da Pol\u00edcia Militar, o ataque ocorreu na Rua Cora Coralina, no bairro Anhanguera, nas proximidades do Canal 18. Um grupo de amigos estava no local quando a dupla em uma motocicleta de cor preta se aproximou e efetuou os disparos contra as pessoas. Em seguida, os criminosos fugiram.<\/p>\n<\/div>\n<div class=\"mc-column content-text active-extra-styles \" data-block-type=\"unstyled\" data-block-weight=\"46\" data-block-id=\"4\">\n<p class=\"content-text__container \" data-track-category=\"Link no Texto\" data-track-links=\"\">Alan e a outra v\u00edtima atingida, identificada como Mafaldo Alexandre Pereira, foram socorridos pelos pr\u00f3prios amigos at\u00e9 o Pronto Socorro do Quietude. O jogador, conforme informa\u00e7\u00f5es das pol\u00edcias Militar e Civil, j\u00e1 chegou morto ao local. O outro rapaz baleado foi transferido ao Hospital Irm\u00e3 Dulce.<\/p>\n<\/div>\n<div class=\"mc-column content-media content-media--normal  content-photo\" data-block-type=\"backstage-photo\" data-block-id=\"5\">\n<div class=\"content-media__container\">\n<div class=\"content-media__image-centered\">\n<div class=\"progressive-img can-open-lightbox\" data-min-size=\"1008x858\" data-min-size-url=\"https:\/\/s2.glbimg.com\/NnTCF1Ir5eWVp0mP-6VuZH4hVfo=\/0x27:479x435\/1008x0\/smart\/filters:strip_icc()\/i.s3.glbimg.com\/v1\/AUTH_59edd422c0c84a879bd37670ae4f538a\/internal_photos\/bs\/2018\/K\/Q\/e2gcc1TcCEu5TYMA49MQ\/alanvasco.jpg\" data-max-size=\"1600x1362\" data-max-size-url=\"https:\/\/s2.glbimg.com\/vC2B5Z4NNrVo3ifNYJvNbSg0Woc=\/0x27:479x435\/1600x0\/smart\/filters:strip_icc()\/i.s3.glbimg.com\/v1\/AUTH_59edd422c0c84a879bd37670ae4f538a\/internal_photos\/bs\/2018\/K\/Q\/e2gcc1TcCEu5TYMA49MQ\/alanvasco.jpg\" data-media-index=\"1\">\n<div class=\"placeholder-container\">\u00a0Alan J\u00fanior Pereira Alves atuou pelo sub-23 do Vasco<\/div>\n<\/div>\n<\/div>\n<\/div>\n<\/div>\n<div class=\"mc-column content-text active-extra-styles \" data-block-type=\"unstyled\" data-block-weight=\"43\" data-block-id=\"6\">\n<p class=\"content-text__container \" data-track-category=\"Link no Texto\" data-track-links=\"\">A Prefeitura de Praia Grande, por meio da Secretaria de Sa\u00fade, confirmou que o jogador foi levado ao PS do bairro Quietude por mun\u00edcipes. Os m\u00e9dicos fizeram o primeiro atendimento ao paciente na emerg\u00eancia, mas o \u00f3bito foi confirmado pela equipe momentos depois.<\/p>\n<\/div>\n<div class=\"mc-column content-text active-extra-styles \" data-block-type=\"unstyled\" data-block-weight=\"50\" data-block-id=\"8\">\n<p class=\"content-text__container \" data-track-category=\"Link no Texto\" data-track-links=\"\">Segundo informa\u00e7\u00f5es da assessoria de comunica\u00e7\u00e3o do hospital, Mafaldo era atendido no centro cir\u00fargico ao fim da noite. O quadro cl\u00ednico dele n\u00e3o foi informado, em raz\u00e3o das equipes ainda estarem focadas no atendimento ao paciente. A unidade confirmou que o rapaz foi alvo de disparos de arma de fogo.<\/p>\n<\/div>\n<div class=\"mc-column content-text active-extra-styles \" data-block-type=\"unstyled\" data-block-weight=\"52\" data-block-id=\"9\">\n<p class=\"content-text__container \" data-track-category=\"Link no Texto\" data-track-links=\"\">A motiva\u00e7\u00e3o do crime \u00e9 apurada pelas equipes da pol\u00edcia, que n\u00e3o constataram eventual roubo \u00e0s v\u00edtimas. O caso foi encaminhado para a Delegacia Sede da cidade, onde tamb\u00e9m foram ouvidas as testemunhas. A dupla de moto n\u00e3o tinha sido localizada at\u00e9 o fim da noite de sexta-feira, ainda conforme informa\u00e7\u00f5es oficiais.<\/p>\n<\/div>\n<div class=\"mc-column content-text active-extra-styles\" data-block-type=\"raw\" data-block-weight=\"1\" data-block-id=\"10\">\n<div class=\"content-intertitle\">\n<h2><strong>Hist\u00f3rico<\/strong><\/h2>\n<\/div>\n<\/div>\n<div class=\"mc-column content-text active-extra-styles \" data-block-type=\"unstyled\" data-block-weight=\"41\" data-block-id=\"11\">\n<p class=\"content-text__container \" data-track-category=\"Link no Texto\" data-track-links=\"\">Alan J\u00fanior Pereira Alves atualmente jogava como zagueiro no Club Deportivo y Social Santa Rita, da segunda divis\u00e3o do futebol equatoriano. Antes, atuou como atacante pelo Atl\u00e9tico Sorocaba, Vasco (sub-23), Portuguesa-RJ, Vasco da Gama Sines (Portugal), Americano, Comercial, Arapongas e Goytacaz.<\/p>\n<p><strong>CARIRI EM A\u00c7\u00c3O<\/strong><\/p>\n<p><em>Com G1\/Foto:\u00a0Arquivo Pessoal<\/em><\/p>\n<p><strong>Leia mais not\u00edcias em\u00a0<\/strong><a href=\"http:\/\/www.caririemacao.com\/\"><strong>caririemacao.com<\/strong><\/a><strong>, siga nossa p\u00e1gina no\u00a0<\/strong><a href=\"https:\/\/www.facebook.com\/CaririEmAcao\/?ref=aymt_homepage_panel\"><strong>Facebook<\/strong><\/a>,<strong>\u00a0<\/strong><a href=\"https:\/\/www.instagram.com\/cariri_em_acao\/?hl=pt-br\"><strong>Instagram<\/strong><\/a><strong>\u00a0e\u00a0<\/strong><a href=\"https:\/\/www.youtube.com\/channel\/UCAptA0jQuYQy8vMhLt2m4qg\"><strong>Youtube<\/strong><\/a><strong>\u00a0e veja nossas mat\u00e9rias, v\u00eddeos e fotos. Voc\u00ea tamb\u00e9m pode enviar informa\u00e7\u00f5es \u00e0 Reda\u00e7\u00e3o do Portal Cariri em A\u00e7\u00e3o pelo WhatsApp (83) 9 9634.5791, (83) 9 9601-1162.<\/strong><\/p>\n<\/div>\n","protected":false},"excerpt":{"rendered":"<p>O jogador de futebol Alan J\u00fanior Pereira Alves, de 26 anos, ex-atleta do Vasco da Gama, do Rio de Janeiro, e que atualmente atuava no&hellip; <\/p>\n","protected":false},"author":2,"featured_media":37201,"comment_status":"closed","ping_status":"closed","sticky":false,"template":"","format":"standard","meta":{"sfsi_plus_gutenberg_text_before_share":"","sfsi_plus_gutenberg_show_text_before_share":"","sfsi_plus_gutenberg_icon_type":"","sfsi_plus_gutenberg_icon_alignemt":"","sfsi_plus_gutenburg_max_per_row":"","footnotes":""},"categories":[13],"tags":[],"class_list":["post-37200","post","type-post","status-publish","format-standard","has-post-thumbnail","hentry","category-esportes"],"_links":{"self":[{"href":"https:\/\/www.caririemacao.com\/1\/wp-json\/wp\/v2\/posts\/37200","targetHints":{"allow":["GET"]}}],"collection":[{"href":"https:\/\/www.caririemacao.com\/1\/wp-json\/wp\/v2\/posts"}],"about":[{"href":"https:\/\/www.caririemacao.com\/1\/wp-json\/wp\/v2\/types\/post"}],"author":[{"embeddable":true,"href":"https:\/\/www.caririemacao.com\/1\/wp-json\/wp\/v2\/users\/2"}],"replies":[{"embeddable":true,"href":"https:\/\/www.caririemacao.com\/1\/wp-json\/wp\/v2\/comments?post=37200"}],"version-history":[{"count":0,"href":"https:\/\/www.caririemacao.com\/1\/wp-json\/wp\/v2\/posts\/37200\/revisions"}],"wp:featuredmedia":[{"embeddable":true,"href":"https:\/\/www.caririemacao.com\/1\/wp-json\/wp\/v2\/media\/37201"}],"wp:attachment":[{"href":"https:\/\/www.caririemacao.com\/1\/wp-json\/wp\/v2\/media?parent=37200"}],"wp:term":[{"taxonomy":"category","embeddable":true,"href":"https:\/\/www.caririemacao.com\/1\/wp-json\/wp\/v2\/categories?post=37200"},{"taxonomy":"post_tag","embeddable":true,"href":"https:\/\/www.caririemacao.com\/1\/wp-json\/wp\/v2\/tags?post=37200"}],"curies":[{"name":"wp","href":"https:\/\/api.w.org\/{rel}","templated":true}]}}