{"id":37203,"date":"2018-01-13T06:32:13","date_gmt":"2018-01-13T09:32:13","guid":{"rendered":"http:\/\/caririemacao.com\/1\/?p=37203"},"modified":"2018-01-13T06:32:13","modified_gmt":"2018-01-13T09:32:13","slug":"presidente-do-corinthians-desiste-de-contratar-henrique-dourado","status":"publish","type":"post","link":"https:\/\/www.caririemacao.com\/1\/2018\/01\/13\/presidente-do-corinthians-desiste-de-contratar-henrique-dourado\/","title":{"rendered":"Presidente do Corinthians desiste de contratar Henrique Dourado"},"content":{"rendered":"<p>O presidente do Corinthians, Roberto de Andrade, desistiu de contratar o atacante Henrique Dourado, do Fluminense.<\/p>\n<p>A afirma\u00e7\u00e3o foi feita em Orlando, nos Estados Unidos, onde o clube alvinegro participa da Florida Cup, um torneio amistoso de pr\u00e9-temporada com a participa\u00e7\u00e3o de times sul-americanos e europeus.<\/p>\n<p>De acordo com o dirigente corintiano, a desist\u00eancia se deu porque o Fluminense, que tamb\u00e9m disputa a Florida Cup, n\u00e3o pretende negociar o centroavante, ainda que sofra com graves problemas financeiros, conforme declarou recentemente o presidente do clube tricolor carioca, Pedro Abad.<\/p>\n<p>&#8220;Neg\u00f3cio que come\u00e7a errado, termina errado. No meio do caminho acontecem algumas situa\u00e7\u00f5es, voc\u00ea desiste. Demonstrei interesse, mas o Fluminense n\u00e3o quer liberar, vou fazer o qu\u00ea? Ficar insistindo? N\u00e3o, n\u00e9! Vida segue&#8221;, enfatizou Roberto de Andrade.<\/p>\n<div id=\"inner-ad-container\" class=\"open full-width\">\n<div class=\"inner-ad-close-button show\"><\/div>\n<\/div>\n<p>No entanto, o mandat\u00e1rio teve a mesma postura \u2014 negar a chegada de um jogador \u2014 na negocia\u00e7\u00e3o com o atacante J\u00fanior Dutra, do Ava\u00ed, que foi oficializado como refor\u00e7o pouco depois.<\/p>\n<p>Sem Henrique Dourado, a lacuna no ataque deixada pelo artilheiro J\u00f4, negociado com o Nagoya Grampus-JAP, dever\u00e1 ser preenchida por Lucca, que disputou a \u00faltima edi\u00e7\u00e3o do Brasileir\u00e3o pela Ponte Preta. Roberto de Andrade j\u00e1 confirmou que o jogador permanecer\u00e1 no Corinthians em 2018.<\/p>\n<p>Danilo, que disputou dois jogos ano passado ap\u00f3s grave les\u00e3o, \u00e9 outra alternativa ao t\u00e9cnico F\u00e1bio Carille para o comando do ataque do Corinthians, que teve Kazim como titular no duelo da \u00faltima quarta-feira com o PSV Eindhoven pela Florida Cup.<\/p>\n<p><strong>CARIRI EM A\u00c7\u00c3O<\/strong><\/p>\n<p><em>Com R7\/Foto: Reprodu\u00e7\u00e3o google<\/em><\/p>\n<p><strong>Leia mais not\u00edcias em\u00a0<\/strong><a href=\"http:\/\/www.caririemacao.com\/\"><strong>caririemacao.com<\/strong><\/a><strong>, siga nossa p\u00e1gina no\u00a0<\/strong><a href=\"https:\/\/www.facebook.com\/CaririEmAcao\/?ref=aymt_homepage_panel\"><strong>Facebook<\/strong><\/a>,<strong>\u00a0<\/strong><a href=\"https:\/\/www.instagram.com\/cariri_em_acao\/?hl=pt-br\"><strong>Instagram<\/strong><\/a><strong>\u00a0e\u00a0<\/strong><a href=\"https:\/\/www.youtube.com\/channel\/UCAptA0jQuYQy8vMhLt2m4qg\"><strong>Youtube<\/strong><\/a><strong>\u00a0e veja nossas mat\u00e9rias, v\u00eddeos e fotos. Voc\u00ea tamb\u00e9m pode enviar informa\u00e7\u00f5es \u00e0 Reda\u00e7\u00e3o do Portal Cariri em A\u00e7\u00e3o pelo WhatsApp (83) 9 9634.5791, (83) 9 9601-1162.<\/strong><\/p>\n","protected":false},"excerpt":{"rendered":"<p>O presidente do Corinthians, Roberto de Andrade, desistiu de contratar o atacante Henrique Dourado, do Fluminense. A afirma\u00e7\u00e3o foi feita em Orlando, nos Estados Unidos,&hellip; <\/p>\n","protected":false},"author":2,"featured_media":37204,"comment_status":"closed","ping_status":"closed","sticky":false,"template":"","format":"standard","meta":{"sfsi_plus_gutenberg_text_before_share":"","sfsi_plus_gutenberg_show_text_before_share":"","sfsi_plus_gutenberg_icon_type":"","sfsi_plus_gutenberg_icon_alignemt":"","sfsi_plus_gutenburg_max_per_row":"","footnotes":""},"categories":[13],"tags":[],"class_list":["post-37203","post","type-post","status-publish","format-standard","has-post-thumbnail","hentry","category-esportes"],"_links":{"self":[{"href":"https:\/\/www.caririemacao.com\/1\/wp-json\/wp\/v2\/posts\/37203","targetHints":{"allow":["GET"]}}],"collection":[{"href":"https:\/\/www.caririemacao.com\/1\/wp-json\/wp\/v2\/posts"}],"about":[{"href":"https:\/\/www.caririemacao.com\/1\/wp-json\/wp\/v2\/types\/post"}],"author":[{"embeddable":true,"href":"https:\/\/www.caririemacao.com\/1\/wp-json\/wp\/v2\/users\/2"}],"replies":[{"embeddable":true,"href":"https:\/\/www.caririemacao.com\/1\/wp-json\/wp\/v2\/comments?post=37203"}],"version-history":[{"count":0,"href":"https:\/\/www.caririemacao.com\/1\/wp-json\/wp\/v2\/posts\/37203\/revisions"}],"wp:featuredmedia":[{"embeddable":true,"href":"https:\/\/www.caririemacao.com\/1\/wp-json\/wp\/v2\/media\/37204"}],"wp:attachment":[{"href":"https:\/\/www.caririemacao.com\/1\/wp-json\/wp\/v2\/media?parent=37203"}],"wp:term":[{"taxonomy":"category","embeddable":true,"href":"https:\/\/www.caririemacao.com\/1\/wp-json\/wp\/v2\/categories?post=37203"},{"taxonomy":"post_tag","embeddable":true,"href":"https:\/\/www.caririemacao.com\/1\/wp-json\/wp\/v2\/tags?post=37203"}],"curies":[{"name":"wp","href":"https:\/\/api.w.org\/{rel}","templated":true}]}}