{"id":37210,"date":"2018-01-13T08:57:50","date_gmt":"2018-01-13T11:57:50","guid":{"rendered":"http:\/\/caririemacao.com\/1\/?p=37210"},"modified":"2018-01-13T08:57:50","modified_gmt":"2018-01-13T11:57:50","slug":"governo-do-estado-divulga-edital-de-selecao-para-o-programa-gira-mundo-2018","status":"publish","type":"post","link":"https:\/\/www.caririemacao.com\/1\/2018\/01\/13\/governo-do-estado-divulga-edital-de-selecao-para-o-programa-gira-mundo-2018\/","title":{"rendered":"Governo do Estado divulga Edital de sele\u00e7\u00e3o para o Programa Gira Mundo 2018"},"content":{"rendered":"<p>O Governo do Estado, por meio da Secretaria de Estado da Educa\u00e7\u00e3o (SEE) divulgou no Di\u00e1rio Oficial do Estado (DOE) desta sexta-feira (12) o edital do processo seletivo para participa\u00e7\u00e3o no programa de interc\u00e2mbio internacional Gira Mundo. As inscri\u00e7\u00f5es j\u00e1 podem ser efetuadas no endere\u00e7o eletr\u00f4nico\u00a0paraiba.pb.gov.br\/educa\u00e7\u00e3o. Ser\u00e3o selecionados 200 estudantes da 2a s\u00e9rie do Ensino M\u00e9dio da Rede Estadual de Ensino para participarem do programa de interc\u00e2mbio internacional, com vagas destinadas ao Canad\u00e1, Argentina, Espanha e Portugal.<\/p>\n<p>Os estudantes selecionados participar\u00e3o de Curso Preparat\u00f3rio do idioma do pa\u00eds de destino, sendo ingl\u00eas, espanhol e portugu\u00eas. Os estudantes cursar\u00e3o no pa\u00eds de destino o correspondente a um semestre letivo (com dura\u00e7\u00e3o em torno de cinco meses), em escolas de N\u00edvel M\u00e9dio do Canad\u00e1, Argentina, Espanha e Portugal, com data de embarque prevista para o per\u00edodo de julho a setembro de 2018, considerando as especificidades dos calend\u00e1rios acad\u00eamicos de cada institui\u00e7\u00e3o de ensino do pa\u00eds supracitado.<\/p>\n<p>As inscri\u00e7\u00f5es s\u00e3o realizadas pelo site, da Secretaria de Estado da Educa\u00e7\u00e3o, com preenchimento do formul\u00e1rio eletr\u00f4nico, no per\u00edodo de 12 de janeiro at\u00e9 as 23h59m do dia 28 de fevereiro de 2018. O aluno dever\u00e1 preencher corretamente o formul\u00e1rio de inscri\u00e7\u00e3o, no prazo estabelecido, e, ap\u00f3s a confirma\u00e7\u00e3o dos dados e conclus\u00e3o do preenchimento, dever\u00e1 anexar no ato da inscri\u00e7\u00e3o virtual, o RG e a declara\u00e7\u00e3o.<\/p>\n<p>Os requisitos comuns necess\u00e1rios para o aluno participar do processo seletivo s\u00e3o os seguintes: ter no m\u00ednimo 14 anos de idade at\u00e9 o dia primeiro de julho de 2018 e no m\u00e1ximo 17 anos at\u00e9 o dia primeiro de julho de 2018; ter cursado o primeiro ano no Ensino M\u00e9dio regular, normal m\u00e9dio, semi-integral, integral ou m\u00e9dio integral integrado \u00e0 educa\u00e7\u00e3o profissional das escolas p\u00fablicas da Rede Estadual de Ensino da Para\u00edba em 2017; estar regularmente matriculado no segundo ano do Ensino M\u00e9dio regular, normal m\u00e9dio, semi-integral, integral ou m\u00e9dio integral integrado \u00e0 educa\u00e7\u00e3o profissional das escolas p\u00fablicas da rede estadual de ensino em 2018; ter obtido, ao longo do primeiro ano do Ensino M\u00e9dio, a frequ\u00eancia m\u00ednima de 85% (oitenta e cinco) nas aulas regulares da escola de Ensino M\u00e9dio em que esteja matriculado e ter alcan\u00e7ado a m\u00e9dia m\u00ednima de 7,0 (sete) pontos no desempenho acad\u00eamico escolar nas disciplinas de L\u00edngua Portuguesa, L\u00edngua Inglesa e Matem\u00e1tica, no primeiro ano do Ensino M\u00e9dio.<\/p>\n<p>O Processo seletivo ser\u00e1 realizado em tr\u00eas etapas de car\u00e1ter classificat\u00f3rio e eliminat\u00f3rio. Al\u00e9m do cumprimento das exig\u00eancias para inscri\u00e7\u00e3o, ser\u00e3o selecionados os estudantes que apresentarem as maiores m\u00e9dias no ano de 2017, distribu\u00eddos de acordo com o n\u00famero de vagas; e ainda ser\u00e3o submetidos a uma prova do idioma do pa\u00eds de destino (Canad\u00e1, Argentina, Espanha e Portugal), al\u00e9m da avalia\u00e7\u00e3o psicossocial, de car\u00e1ter eliminat\u00f3rio.<\/p>\n<p>Os estudantes selecionados dever\u00e3o cursar o Curso Preparat\u00f3rio de L\u00ednguas do\u00a0 Programa \u201cGira Mundo\u201d oferecido pela SEE; participar da entrevista social, em data, hora e local a ser oportunamente comunicada, ocasi\u00e3o em que dever\u00e1 apresentar o Termo de Compromisso, Termo de Ci\u00eancia e Termo de Responsabilidade, preenchidos e assinados pelos pais ou respons\u00e1vel legal; e participar das reuni\u00f5es requeridas pela Comiss\u00e3o de Sele\u00e7\u00e3o, Coordena\u00e7\u00e3o do Programa, Diretoria Executiva de Desenvolvimento Estudantil e Secretaria de Educa\u00e7\u00e3o.<\/p>\n<p>O estudante classificado e aprovado para o interc\u00e2mbio ganhar\u00e1 uma bolsa instala\u00e7\u00e3o e cinco bolsas manuten\u00e7\u00e3o no valor de R$ 720,00. A primeira ser\u00e1 entregue antes do embarque ao pa\u00eds de destino, para cobrir despesas iniciais, e as demais, no decorrer do programa. Eles tamb\u00e9m ter\u00e3o direito a um seguro de sa\u00fade durante o per\u00edodo que estiver residindo no pa\u00eds de destino. A acomoda\u00e7\u00e3o ser\u00e1 em casa de fam\u00edlia residente na localidade definida para o intercambista, conforme disponibilidade.<\/p>\n<p><strong>CARIRI EM A\u00c7\u00c3O<\/strong><\/p>\n<p><em>Com ClikPB\/Foto:\u00a0Walla Santos<\/em><\/p>\n<p><strong>Leia mais not\u00edcias em\u00a0<\/strong><a href=\"http:\/\/www.caririemacao.com\/\"><strong>caririemacao.com<\/strong><\/a><strong>, siga nossa p\u00e1gina no\u00a0<\/strong><a href=\"https:\/\/www.facebook.com\/CaririEmAcao\/?ref=aymt_homepage_panel\"><strong>Facebook<\/strong><\/a>,<strong>\u00a0<\/strong><a href=\"https:\/\/www.instagram.com\/cariri_em_acao\/?hl=pt-br\"><strong>Instagram<\/strong><\/a><strong>\u00a0e\u00a0<\/strong><a href=\"https:\/\/www.youtube.com\/channel\/UCAptA0jQuYQy8vMhLt2m4qg\"><strong>Youtube<\/strong><\/a><strong>\u00a0e veja nossas mat\u00e9rias, v\u00eddeos e fotos. Voc\u00ea tamb\u00e9m pode enviar informa\u00e7\u00f5es \u00e0 Reda\u00e7\u00e3o do Portal Cariri em A\u00e7\u00e3o pelo WhatsApp (83) 9 9634.5791, (83) 9 9601-1162.<\/strong><\/p>\n","protected":false},"excerpt":{"rendered":"<p>O Governo do Estado, por meio da Secretaria de Estado da Educa\u00e7\u00e3o (SEE) divulgou no Di\u00e1rio Oficial do Estado (DOE) desta sexta-feira (12) o edital&hellip; <\/p>\n","protected":false},"author":2,"featured_media":37211,"comment_status":"closed","ping_status":"closed","sticky":false,"template":"","format":"standard","meta":{"sfsi_plus_gutenberg_text_before_share":"","sfsi_plus_gutenberg_show_text_before_share":"","sfsi_plus_gutenberg_icon_type":"","sfsi_plus_gutenberg_icon_alignemt":"","sfsi_plus_gutenburg_max_per_row":"","footnotes":""},"categories":[14],"tags":[],"class_list":["post-37210","post","type-post","status-publish","format-standard","has-post-thumbnail","hentry","category-educacao"],"_links":{"self":[{"href":"https:\/\/www.caririemacao.com\/1\/wp-json\/wp\/v2\/posts\/37210","targetHints":{"allow":["GET"]}}],"collection":[{"href":"https:\/\/www.caririemacao.com\/1\/wp-json\/wp\/v2\/posts"}],"about":[{"href":"https:\/\/www.caririemacao.com\/1\/wp-json\/wp\/v2\/types\/post"}],"author":[{"embeddable":true,"href":"https:\/\/www.caririemacao.com\/1\/wp-json\/wp\/v2\/users\/2"}],"replies":[{"embeddable":true,"href":"https:\/\/www.caririemacao.com\/1\/wp-json\/wp\/v2\/comments?post=37210"}],"version-history":[{"count":0,"href":"https:\/\/www.caririemacao.com\/1\/wp-json\/wp\/v2\/posts\/37210\/revisions"}],"wp:featuredmedia":[{"embeddable":true,"href":"https:\/\/www.caririemacao.com\/1\/wp-json\/wp\/v2\/media\/37211"}],"wp:attachment":[{"href":"https:\/\/www.caririemacao.com\/1\/wp-json\/wp\/v2\/media?parent=37210"}],"wp:term":[{"taxonomy":"category","embeddable":true,"href":"https:\/\/www.caririemacao.com\/1\/wp-json\/wp\/v2\/categories?post=37210"},{"taxonomy":"post_tag","embeddable":true,"href":"https:\/\/www.caririemacao.com\/1\/wp-json\/wp\/v2\/tags?post=37210"}],"curies":[{"name":"wp","href":"https:\/\/api.w.org\/{rel}","templated":true}]}}