{"id":37218,"date":"2018-01-13T11:34:57","date_gmt":"2018-01-13T14:34:57","guid":{"rendered":"http:\/\/caririemacao.com\/1\/?p=37218"},"modified":"2018-01-13T11:34:57","modified_gmt":"2018-01-13T14:34:57","slug":"camara-de-gurjao-emite-nota-pelo-falecimento-do-ex-vereador-martins-ananias","status":"publish","type":"post","link":"https:\/\/www.caririemacao.com\/1\/2018\/01\/13\/camara-de-gurjao-emite-nota-pelo-falecimento-do-ex-vereador-martins-ananias\/","title":{"rendered":"C\u00e2mara de Gurj\u00e3o emite nota pelo falecimento do ex-vereador Martins Ananias"},"content":{"rendered":"<p>A C\u00e2mara Municipal de Gurj\u00e3o recebeu com tristeza, neste s\u00e1bado (13), a not\u00edcia da morte do ex-vereador Martins Ananias.<\/p>\n<p>Segundo o presidente, Adailsinho Queiroz, na C\u00e2mara, o ex-vereador se destacou atuando como presidente e apresentando relevantes servi\u00e7os a popula\u00e7\u00e3o.<\/p>\n<p>Em nota, o Poder Legislativo se solidariza com toda fam\u00edlia, em especial com a vereadora Selminha, filha do ex-vereador.<\/p>\n<p><strong>Confira a nota:<\/strong><\/p>\n<p>A C\u00e2mara registra com extremo pesar o falecimento do ex-colega pol\u00edtico que contribuiu muito para o desenvolvimento da cidade, Martins Ananias.<\/p>\n<p>Martins Ananias foi vereador no per\u00edodo (1983 a 2000), exercendo quatros mandatos. Ele tamb\u00e9m presidiu o legislativo de junho \u00e0 dezembro 1996.<\/p>\n<p>O presidente, demais vereadores e funcion\u00e1rios prestam as \u00faltimas homenagens ao ex-vereador.<\/p>\n<p><strong>CARIRI EM A\u00c7\u00c3O<\/strong><\/p>\n<p><strong>Leia mais not\u00edcias em\u00a0<\/strong><a href=\"http:\/\/www.caririemacao.com\/\"><strong>caririemacao.com<\/strong><\/a><strong>, siga nossa p\u00e1gina no\u00a0<\/strong><a href=\"https:\/\/www.facebook.com\/CaririEmAcao\/?ref=aymt_homepage_panel\"><strong>Facebook<\/strong><\/a>,<strong>\u00a0<\/strong><a href=\"https:\/\/www.instagram.com\/cariri_em_acao\/?hl=pt-br\"><strong>Instagram<\/strong><\/a><strong>\u00a0e\u00a0<\/strong><a href=\"https:\/\/www.youtube.com\/channel\/UCAptA0jQuYQy8vMhLt2m4qg\"><strong>Youtube<\/strong><\/a><strong>\u00a0e veja nossas mat\u00e9rias, v\u00eddeos e fotos. Voc\u00ea tamb\u00e9m pode enviar informa\u00e7\u00f5es \u00e0 Reda\u00e7\u00e3o do Portal Cariri em A\u00e7\u00e3o pelo WhatsApp (83) 9 9634.5791, (83) 9 9601-1162.<\/strong><\/p>\n","protected":false},"excerpt":{"rendered":"<p>A C\u00e2mara Municipal de Gurj\u00e3o recebeu com tristeza, neste s\u00e1bado (13), a not\u00edcia da morte do ex-vereador Martins Ananias. Segundo o presidente, Adailsinho Queiroz, na&hellip; <\/p>\n","protected":false},"author":2,"featured_media":27661,"comment_status":"closed","ping_status":"closed","sticky":false,"template":"","format":"standard","meta":{"sfsi_plus_gutenberg_text_before_share":"","sfsi_plus_gutenberg_show_text_before_share":"","sfsi_plus_gutenberg_icon_type":"","sfsi_plus_gutenberg_icon_alignemt":"","sfsi_plus_gutenburg_max_per_row":"","footnotes":""},"categories":[2],"tags":[],"class_list":["post-37218","post","type-post","status-publish","format-standard","has-post-thumbnail","hentry","category-geral"],"_links":{"self":[{"href":"https:\/\/www.caririemacao.com\/1\/wp-json\/wp\/v2\/posts\/37218","targetHints":{"allow":["GET"]}}],"collection":[{"href":"https:\/\/www.caririemacao.com\/1\/wp-json\/wp\/v2\/posts"}],"about":[{"href":"https:\/\/www.caririemacao.com\/1\/wp-json\/wp\/v2\/types\/post"}],"author":[{"embeddable":true,"href":"https:\/\/www.caririemacao.com\/1\/wp-json\/wp\/v2\/users\/2"}],"replies":[{"embeddable":true,"href":"https:\/\/www.caririemacao.com\/1\/wp-json\/wp\/v2\/comments?post=37218"}],"version-history":[{"count":0,"href":"https:\/\/www.caririemacao.com\/1\/wp-json\/wp\/v2\/posts\/37218\/revisions"}],"wp:featuredmedia":[{"embeddable":true,"href":"https:\/\/www.caririemacao.com\/1\/wp-json\/wp\/v2\/media\/27661"}],"wp:attachment":[{"href":"https:\/\/www.caririemacao.com\/1\/wp-json\/wp\/v2\/media?parent=37218"}],"wp:term":[{"taxonomy":"category","embeddable":true,"href":"https:\/\/www.caririemacao.com\/1\/wp-json\/wp\/v2\/categories?post=37218"},{"taxonomy":"post_tag","embeddable":true,"href":"https:\/\/www.caririemacao.com\/1\/wp-json\/wp\/v2\/tags?post=37218"}],"curies":[{"name":"wp","href":"https:\/\/api.w.org\/{rel}","templated":true}]}}