{"id":37222,"date":"2018-01-13T11:36:11","date_gmt":"2018-01-13T14:36:11","guid":{"rendered":"http:\/\/caririemacao.com\/1\/?p=37222"},"modified":"2018-01-13T11:36:11","modified_gmt":"2018-01-13T14:36:11","slug":"presidente-da-camara-lamenta-morte-de-ex-vereador-de-gurjao","status":"publish","type":"post","link":"https:\/\/www.caririemacao.com\/1\/2018\/01\/13\/presidente-da-camara-lamenta-morte-de-ex-vereador-de-gurjao\/","title":{"rendered":"Presidente da C\u00e2mara lamenta morte de ex-vereador de Gurj\u00e3o"},"content":{"rendered":"<p>O presidente da C\u00e2mara Municipal de Gurj\u00e3o, Adailson Queiroz, emitiu uma nota de pesar pelo falecimento do ex-vereador e presidente da C\u00e2mara de Gurj\u00e3o, Martins Ananias.<\/p>\n<p><a href=\"http:\/\/caririemacao.com\/1\/wp-content\/uploads\/2018\/01\/WhatsApp-Image-2018-01-13-at-11.54.10-e1515854064136.jpeg\"><img fetchpriority=\"high\" decoding=\"async\" class=\"size-medium wp-image-37217 aligncenter\" src=\"http:\/\/caririemacao.com\/1\/wp-content\/uploads\/2018\/01\/WhatsApp-Image-2018-01-13-at-11.54.10-e1515854064136-246x300.jpeg\" alt=\"\" width=\"246\" height=\"300\" srcset=\"https:\/\/www.caririemacao.com\/1\/wp-content\/uploads\/2018\/01\/WhatsApp-Image-2018-01-13-at-11.54.10-e1515854064136-246x300.jpeg 246w, https:\/\/www.caririemacao.com\/1\/wp-content\/uploads\/2018\/01\/WhatsApp-Image-2018-01-13-at-11.54.10-e1515854064136.jpeg 570w\" sizes=\"(max-width: 246px) 100vw, 246px\" \/><\/a>Martins Ananias foi vereador por 4 mandatos e presidiu o Poder Legislativo gurjaense no ano de 1996. Ananias \u00e9 pai de Niselma Martins que atualmente est\u00e1 vereadora do munic\u00edpio.<\/p>\n<p>Em nota, Adilsinho lamentou a morte de Martins Ananias.<\/p>\n<p><strong>Confira a nota na integra: \u00a0<\/strong><\/p>\n<p>Hoje o Munic\u00edpio de Gurj\u00e3o perdeu um filho ilustre que possui uma hist\u00f3ria exemplar e de muita dedica\u00e7\u00e3o ao povo de Gurj\u00e3o. A not\u00edcia da morte do ex-vereador faz deste s\u00e1bado, dia 13, um dia muito triste para a cidade, para a C\u00e2mara de Gurj\u00e3o, para os familiares e amigos de Martins Ananias.<\/p>\n<p>Neste momento de dor, desejo todo conforto espiritual \u00e0 fam\u00edlia e a todos que conviveram com ele.<\/p>\n<p><strong>CARIRI EM A\u00c7\u00c3O<\/strong><\/p>\n<p><strong>Leia mais not\u00edcias em\u00a0<\/strong><a href=\"http:\/\/www.caririemacao.com\/\"><strong>caririemacao.com<\/strong><\/a><strong>, siga nossa p\u00e1gina no\u00a0<\/strong><a href=\"https:\/\/www.facebook.com\/CaririEmAcao\/?ref=aymt_homepage_panel\"><strong>Facebook<\/strong><\/a>,<strong>\u00a0<\/strong><a href=\"https:\/\/www.instagram.com\/cariri_em_acao\/?hl=pt-br\"><strong>Instagram<\/strong><\/a><strong>\u00a0e\u00a0<\/strong><a href=\"https:\/\/www.youtube.com\/channel\/UCAptA0jQuYQy8vMhLt2m4qg\"><strong>Youtube<\/strong><\/a><strong>\u00a0e veja nossas mat\u00e9rias, v\u00eddeos e fotos. Voc\u00ea tamb\u00e9m pode enviar informa\u00e7\u00f5es \u00e0 Reda\u00e7\u00e3o do Portal Cariri em A\u00e7\u00e3o pelo WhatsApp (83) 9 9634.5791, (83) 9 9601-1162.<\/strong><\/p>\n","protected":false},"excerpt":{"rendered":"<p>O presidente da C\u00e2mara Municipal de Gurj\u00e3o, Adailson Queiroz, emitiu uma nota de pesar pelo falecimento do ex-vereador e presidente da C\u00e2mara de Gurj\u00e3o, Martins&hellip; <\/p>\n","protected":false},"author":2,"featured_media":33048,"comment_status":"closed","ping_status":"closed","sticky":false,"template":"","format":"standard","meta":{"sfsi_plus_gutenberg_text_before_share":"","sfsi_plus_gutenberg_show_text_before_share":"","sfsi_plus_gutenberg_icon_type":"","sfsi_plus_gutenberg_icon_alignemt":"","sfsi_plus_gutenburg_max_per_row":"","footnotes":""},"categories":[11],"tags":[],"class_list":["post-37222","post","type-post","status-publish","format-standard","has-post-thumbnail","hentry","category-politica"],"_links":{"self":[{"href":"https:\/\/www.caririemacao.com\/1\/wp-json\/wp\/v2\/posts\/37222","targetHints":{"allow":["GET"]}}],"collection":[{"href":"https:\/\/www.caririemacao.com\/1\/wp-json\/wp\/v2\/posts"}],"about":[{"href":"https:\/\/www.caririemacao.com\/1\/wp-json\/wp\/v2\/types\/post"}],"author":[{"embeddable":true,"href":"https:\/\/www.caririemacao.com\/1\/wp-json\/wp\/v2\/users\/2"}],"replies":[{"embeddable":true,"href":"https:\/\/www.caririemacao.com\/1\/wp-json\/wp\/v2\/comments?post=37222"}],"version-history":[{"count":0,"href":"https:\/\/www.caririemacao.com\/1\/wp-json\/wp\/v2\/posts\/37222\/revisions"}],"wp:featuredmedia":[{"embeddable":true,"href":"https:\/\/www.caririemacao.com\/1\/wp-json\/wp\/v2\/media\/33048"}],"wp:attachment":[{"href":"https:\/\/www.caririemacao.com\/1\/wp-json\/wp\/v2\/media?parent=37222"}],"wp:term":[{"taxonomy":"category","embeddable":true,"href":"https:\/\/www.caririemacao.com\/1\/wp-json\/wp\/v2\/categories?post=37222"},{"taxonomy":"post_tag","embeddable":true,"href":"https:\/\/www.caririemacao.com\/1\/wp-json\/wp\/v2\/tags?post=37222"}],"curies":[{"name":"wp","href":"https:\/\/api.w.org\/{rel}","templated":true}]}}