{"id":37226,"date":"2018-01-13T11:40:52","date_gmt":"2018-01-13T14:40:52","guid":{"rendered":"http:\/\/caririemacao.com\/1\/?p=37226"},"modified":"2018-01-13T11:40:52","modified_gmt":"2018-01-13T14:40:52","slug":"policia-federal-vai-realizar-concurso-com-600-vagas-ainda-em-2018","status":"publish","type":"post","link":"https:\/\/www.caririemacao.com\/1\/2018\/01\/13\/policia-federal-vai-realizar-concurso-com-600-vagas-ainda-em-2018\/","title":{"rendered":"Pol\u00edcia Federal vai realizar concurso com 600 vagas ainda em 2018"},"content":{"rendered":"<p>O diretor-geral da Pol\u00edcia Federal Fernando Seg\u00f3via informou que que o concurso da PF acontece ainda em 2018. A remunera\u00e7\u00e3o inicial para os cargos pode ser superior a R$ 20 mil.<\/p>\n<p>A previs\u00e3o \u00e9 de que o concurso abra 150 vagas para os cargos de agente, 300 para escriv\u00e3o, 100 vagas para perito e 50 vagas para delegado de Pol\u00edcia Federal. Contudo, at\u00e9 o lan\u00e7amento dos editais, as vagas podem ser remanejadas, desde que respeitem o montante autorizado pelo Minist\u00e9rio do Planejamento, Desenvolvimento e Gest\u00e3o (MPDG).<\/p>\n<p>Para o cargo de Delegado de Pol\u00edcia Federal \u00e9 necess\u00e1rio ter curso superior de bacharel em Direito. A remunera\u00e7\u00e3o incial para o cargo, no ano de 2018 \u00e9 de R$ 22.692,74.<\/p>\n<p>J\u00e1 para o cargo de Perito Criminal \u00e9 preciso ter curso superior, com a especialidade variando de acordo com a \u00e1rea de atua\u00e7\u00e3o. A remunera\u00e7\u00e3o inical \u00e9 de R$ 21.644,37.<\/p>\n<p>E por fim, para os cargos de Agente de Pol\u00edcia Federal e Escriv\u00e3o de Pol\u00edcia Federal \u00e9 necess\u00e1rio ter curso superior em qualquer \u00e1rea. A remunera\u00e7\u00e3o inicial para os cargos \u00e9 de R$ 11.439,86.<\/p>\n<p><strong>CARIRI EM A\u00c7\u00c3O<\/strong><\/p>\n<p><em>Com ClikPB\/Foto:\u00a0ClikPB<\/em><\/p>\n<p><strong>Leia mais not\u00edcias em\u00a0<\/strong><a href=\"http:\/\/www.caririemacao.com\/\"><strong>caririemacao.com<\/strong><\/a><strong>, siga nossa p\u00e1gina no\u00a0<\/strong><a href=\"https:\/\/www.facebook.com\/CaririEmAcao\/?ref=aymt_homepage_panel\"><strong>Facebook<\/strong><\/a>,<strong>\u00a0<\/strong><a href=\"https:\/\/www.instagram.com\/cariri_em_acao\/?hl=pt-br\"><strong>Instagram<\/strong><\/a><strong>\u00a0e\u00a0<\/strong><a href=\"https:\/\/www.youtube.com\/channel\/UCAptA0jQuYQy8vMhLt2m4qg\"><strong>Youtube<\/strong><\/a><strong>\u00a0e veja nossas mat\u00e9rias, v\u00eddeos e fotos. Voc\u00ea tamb\u00e9m pode enviar informa\u00e7\u00f5es \u00e0 Reda\u00e7\u00e3o do Portal Cariri em A\u00e7\u00e3o pelo WhatsApp (83) 9 9634.5791, (83) 9 9601-1162.<\/strong><\/p>\n","protected":false},"excerpt":{"rendered":"<p>O diretor-geral da Pol\u00edcia Federal Fernando Seg\u00f3via informou que que o concurso da PF acontece ainda em 2018. A remunera\u00e7\u00e3o inicial para os cargos pode&hellip; <\/p>\n","protected":false},"author":2,"featured_media":37227,"comment_status":"closed","ping_status":"closed","sticky":false,"template":"","format":"standard","meta":{"sfsi_plus_gutenberg_text_before_share":"","sfsi_plus_gutenberg_show_text_before_share":"","sfsi_plus_gutenberg_icon_type":"","sfsi_plus_gutenberg_icon_alignemt":"","sfsi_plus_gutenburg_max_per_row":"","footnotes":""},"categories":[2],"tags":[],"class_list":["post-37226","post","type-post","status-publish","format-standard","has-post-thumbnail","hentry","category-geral"],"_links":{"self":[{"href":"https:\/\/www.caririemacao.com\/1\/wp-json\/wp\/v2\/posts\/37226","targetHints":{"allow":["GET"]}}],"collection":[{"href":"https:\/\/www.caririemacao.com\/1\/wp-json\/wp\/v2\/posts"}],"about":[{"href":"https:\/\/www.caririemacao.com\/1\/wp-json\/wp\/v2\/types\/post"}],"author":[{"embeddable":true,"href":"https:\/\/www.caririemacao.com\/1\/wp-json\/wp\/v2\/users\/2"}],"replies":[{"embeddable":true,"href":"https:\/\/www.caririemacao.com\/1\/wp-json\/wp\/v2\/comments?post=37226"}],"version-history":[{"count":0,"href":"https:\/\/www.caririemacao.com\/1\/wp-json\/wp\/v2\/posts\/37226\/revisions"}],"wp:featuredmedia":[{"embeddable":true,"href":"https:\/\/www.caririemacao.com\/1\/wp-json\/wp\/v2\/media\/37227"}],"wp:attachment":[{"href":"https:\/\/www.caririemacao.com\/1\/wp-json\/wp\/v2\/media?parent=37226"}],"wp:term":[{"taxonomy":"category","embeddable":true,"href":"https:\/\/www.caririemacao.com\/1\/wp-json\/wp\/v2\/categories?post=37226"},{"taxonomy":"post_tag","embeddable":true,"href":"https:\/\/www.caririemacao.com\/1\/wp-json\/wp\/v2\/tags?post=37226"}],"curies":[{"name":"wp","href":"https:\/\/api.w.org\/{rel}","templated":true}]}}