{"id":37229,"date":"2018-01-13T13:36:20","date_gmt":"2018-01-13T16:36:20","guid":{"rendered":"http:\/\/caririemacao.com\/1\/?p=37229"},"modified":"2018-01-13T13:36:20","modified_gmt":"2018-01-13T16:36:20","slug":"residencia-e-arrombada-e-bandidos-levam-mais-de-r-6-mil-reais","status":"publish","type":"post","link":"https:\/\/www.caririemacao.com\/1\/2018\/01\/13\/residencia-e-arrombada-e-bandidos-levam-mais-de-r-6-mil-reais\/","title":{"rendered":"Resid\u00eancia \u00e9 arrombada e bandidos levam mais de R$ 6 mil reais"},"content":{"rendered":"<p>Uma resid\u00eancia foi arrombada e furtada, no munic\u00edpio de\u00a0Monteiro, no cariri Paraibano na noite de sexta-feira (12).<\/p>\n<p>De acordo com informa\u00e7\u00f5es, o crime aconteceu na Rua: Doroteu F. Vasconcelos em frente ao Hospital Regional de Monteiro. Ao chegar a casa, as v\u00edtimas encontraram a porta da cozinha arrombada e perceberam que foram levados\u00a0R$ 6.500 (\u00a0seis mil e\u00a0quinhentos\u00a0reais)\u00a0e um Rel\u00f3gio.<\/p>\n<p>Ainda de acordo com informa\u00e7\u00f5es, a v\u00edtima \u00e9 um agricultor que todos os s\u00e1bados junta o dinheiro para ir comercializar na feira do gado em Monteiro. Segundo relatos essa j\u00e1 \u00e9 a quinta vez que o agricultor \u00e9 alvo dos bandidos.<\/p>\n<p><strong>CARIRI EM A\u00c7\u00c3O<\/strong><\/p>\n<p><em>Com OPipoco\/Foto:\u00a0OPipoco<\/em><\/p>\n<p><strong>Leia mais not\u00edcias em\u00a0<\/strong><a href=\"http:\/\/www.caririemacao.com\/\"><strong>caririemacao.com<\/strong><\/a><strong>, siga nossa p\u00e1gina no\u00a0<\/strong><a href=\"https:\/\/www.facebook.com\/CaririEmAcao\/?ref=aymt_homepage_panel\"><strong>Facebook<\/strong><\/a>,<strong>\u00a0<\/strong><a href=\"https:\/\/www.instagram.com\/cariri_em_acao\/?hl=pt-br\"><strong>Instagram<\/strong><\/a><strong>\u00a0e\u00a0<\/strong><a href=\"https:\/\/www.youtube.com\/channel\/UCAptA0jQuYQy8vMhLt2m4qg\"><strong>Youtube<\/strong><\/a><strong>\u00a0e veja nossas mat\u00e9rias, v\u00eddeos e fotos. Voc\u00ea tamb\u00e9m pode enviar informa\u00e7\u00f5es \u00e0 Reda\u00e7\u00e3o do Portal Cariri em A\u00e7\u00e3o pelo WhatsApp (83) 9 9634.5791, (83) 9 9601-1162.<\/strong><\/p>\n","protected":false},"excerpt":{"rendered":"<p>Uma resid\u00eancia foi arrombada e furtada, no munic\u00edpio de\u00a0Monteiro, no cariri Paraibano na noite de sexta-feira (12). De acordo com informa\u00e7\u00f5es, o crime aconteceu na&hellip; <\/p>\n","protected":false},"author":2,"featured_media":37230,"comment_status":"closed","ping_status":"closed","sticky":false,"template":"","format":"standard","meta":{"sfsi_plus_gutenberg_text_before_share":"","sfsi_plus_gutenberg_show_text_before_share":"","sfsi_plus_gutenberg_icon_type":"","sfsi_plus_gutenberg_icon_alignemt":"","sfsi_plus_gutenburg_max_per_row":"","footnotes":""},"categories":[12],"tags":[],"class_list":["post-37229","post","type-post","status-publish","format-standard","has-post-thumbnail","hentry","category-policia"],"_links":{"self":[{"href":"https:\/\/www.caririemacao.com\/1\/wp-json\/wp\/v2\/posts\/37229","targetHints":{"allow":["GET"]}}],"collection":[{"href":"https:\/\/www.caririemacao.com\/1\/wp-json\/wp\/v2\/posts"}],"about":[{"href":"https:\/\/www.caririemacao.com\/1\/wp-json\/wp\/v2\/types\/post"}],"author":[{"embeddable":true,"href":"https:\/\/www.caririemacao.com\/1\/wp-json\/wp\/v2\/users\/2"}],"replies":[{"embeddable":true,"href":"https:\/\/www.caririemacao.com\/1\/wp-json\/wp\/v2\/comments?post=37229"}],"version-history":[{"count":0,"href":"https:\/\/www.caririemacao.com\/1\/wp-json\/wp\/v2\/posts\/37229\/revisions"}],"wp:featuredmedia":[{"embeddable":true,"href":"https:\/\/www.caririemacao.com\/1\/wp-json\/wp\/v2\/media\/37230"}],"wp:attachment":[{"href":"https:\/\/www.caririemacao.com\/1\/wp-json\/wp\/v2\/media?parent=37229"}],"wp:term":[{"taxonomy":"category","embeddable":true,"href":"https:\/\/www.caririemacao.com\/1\/wp-json\/wp\/v2\/categories?post=37229"},{"taxonomy":"post_tag","embeddable":true,"href":"https:\/\/www.caririemacao.com\/1\/wp-json\/wp\/v2\/tags?post=37229"}],"curies":[{"name":"wp","href":"https:\/\/api.w.org\/{rel}","templated":true}]}}