{"id":37232,"date":"2018-01-13T15:56:27","date_gmt":"2018-01-13T18:56:27","guid":{"rendered":"http:\/\/caririemacao.com\/1\/?p=37232"},"modified":"2018-01-13T15:56:27","modified_gmt":"2018-01-13T18:56:27","slug":"verao-pede-cuidados-especiais-aos-idosos","status":"publish","type":"post","link":"https:\/\/www.caririemacao.com\/1\/2018\/01\/13\/verao-pede-cuidados-especiais-aos-idosos\/","title":{"rendered":"Ver\u00e3o pede cuidados especiais aos idosos"},"content":{"rendered":"<p>As altas temperaturas caracter\u00edsticas do ver\u00e3o pedem cuidados especiais com os idosos. Eles s\u00e3o mais propensos a desenvolver hipertermia, por exemplo, que ocorre quando a temperatura do corpo fica acima de 37,4\u00b0C.<\/p>\n<p>Alguns cuidados como usar protetor solar, tomar muita \u00e1gua e se alimentar bem precisam ser colocados em pr\u00e1tica, principalmente nessa \u00e9poca mais quente.<\/p>\n<p>N\u00e3o ir \u00e0 praia em hor\u00e1rios de pouco (calor) tamb\u00e9m \u00e9 uma recomenda\u00e7\u00e3o.<\/p>\n<p>&nbsp;<\/p>\n<p>&nbsp;<\/p>\n<p><a href=\"http:\/\/caririemacao.com\/1\/wp-content\/uploads\/2018\/01\/unnamed.png\"><img fetchpriority=\"high\" decoding=\"async\" class=\"aligncenter wp-image-37234 size-full\" src=\"http:\/\/caririemacao.com\/1\/wp-content\/uploads\/2018\/01\/unnamed.png\" alt=\"\" width=\"800\" height=\"3100\" srcset=\"https:\/\/www.caririemacao.com\/1\/wp-content\/uploads\/2018\/01\/unnamed.png 800w, https:\/\/www.caririemacao.com\/1\/wp-content\/uploads\/2018\/01\/unnamed-768x2976.png 768w, https:\/\/www.caririemacao.com\/1\/wp-content\/uploads\/2018\/01\/unnamed-264x1024.png 264w\" sizes=\"(max-width: 800px) 100vw, 800px\" \/><\/a><\/p>\n<p><strong>CARIRI EM A\u00c7\u00c3O<\/strong><\/p>\n<p><em>Com PortalCorreio\/Foto: Reprodu\u00e7\u00e3o\u00a0google<\/em><\/p>\n<p><strong>Leia mais not\u00edcias em\u00a0<\/strong><a href=\"http:\/\/www.caririemacao.com\/\"><strong>caririemacao.com<\/strong><\/a><strong>, siga nossa p\u00e1gina no\u00a0<\/strong><a href=\"https:\/\/www.facebook.com\/CaririEmAcao\/?ref=aymt_homepage_panel\"><strong>Facebook<\/strong><\/a>,<strong>\u00a0<\/strong><a href=\"https:\/\/www.instagram.com\/cariri_em_acao\/?hl=pt-br\"><strong>Instagram<\/strong><\/a><strong>\u00a0e\u00a0<\/strong><a href=\"https:\/\/www.youtube.com\/channel\/UCAptA0jQuYQy8vMhLt2m4qg\"><strong>Youtube<\/strong><\/a><strong>\u00a0e veja nossas mat\u00e9rias, v\u00eddeos e fotos. Voc\u00ea tamb\u00e9m pode enviar informa\u00e7\u00f5es \u00e0 Reda\u00e7\u00e3o do Portal Cariri em A\u00e7\u00e3o pelo WhatsApp (83) 9 9634.5791, (83) 9 9601-1162.<\/strong><\/p>\n","protected":false},"excerpt":{"rendered":"<p>As altas temperaturas caracter\u00edsticas do ver\u00e3o pedem cuidados especiais com os idosos. Eles s\u00e3o mais propensos a desenvolver hipertermia, por exemplo, que ocorre quando a&hellip; <\/p>\n","protected":false},"author":2,"featured_media":37233,"comment_status":"closed","ping_status":"closed","sticky":false,"template":"","format":"standard","meta":{"sfsi_plus_gutenberg_text_before_share":"","sfsi_plus_gutenberg_show_text_before_share":"","sfsi_plus_gutenberg_icon_type":"","sfsi_plus_gutenberg_icon_alignemt":"","sfsi_plus_gutenburg_max_per_row":"","footnotes":""},"categories":[16],"tags":[],"class_list":["post-37232","post","type-post","status-publish","format-standard","has-post-thumbnail","hentry","category-saude"],"_links":{"self":[{"href":"https:\/\/www.caririemacao.com\/1\/wp-json\/wp\/v2\/posts\/37232","targetHints":{"allow":["GET"]}}],"collection":[{"href":"https:\/\/www.caririemacao.com\/1\/wp-json\/wp\/v2\/posts"}],"about":[{"href":"https:\/\/www.caririemacao.com\/1\/wp-json\/wp\/v2\/types\/post"}],"author":[{"embeddable":true,"href":"https:\/\/www.caririemacao.com\/1\/wp-json\/wp\/v2\/users\/2"}],"replies":[{"embeddable":true,"href":"https:\/\/www.caririemacao.com\/1\/wp-json\/wp\/v2\/comments?post=37232"}],"version-history":[{"count":0,"href":"https:\/\/www.caririemacao.com\/1\/wp-json\/wp\/v2\/posts\/37232\/revisions"}],"wp:featuredmedia":[{"embeddable":true,"href":"https:\/\/www.caririemacao.com\/1\/wp-json\/wp\/v2\/media\/37233"}],"wp:attachment":[{"href":"https:\/\/www.caririemacao.com\/1\/wp-json\/wp\/v2\/media?parent=37232"}],"wp:term":[{"taxonomy":"category","embeddable":true,"href":"https:\/\/www.caririemacao.com\/1\/wp-json\/wp\/v2\/categories?post=37232"},{"taxonomy":"post_tag","embeddable":true,"href":"https:\/\/www.caririemacao.com\/1\/wp-json\/wp\/v2\/tags?post=37232"}],"curies":[{"name":"wp","href":"https:\/\/api.w.org\/{rel}","templated":true}]}}