{"id":37236,"date":"2018-01-13T20:31:38","date_gmt":"2018-01-13T23:31:38","guid":{"rendered":"http:\/\/caririemacao.com\/1\/?p=37236"},"modified":"2018-01-13T20:31:38","modified_gmt":"2018-01-13T23:31:38","slug":"reforma-da-previdencia-base-aliada-trabalha-no-recesso-para-convencer-indecisos","status":"publish","type":"post","link":"https:\/\/www.caririemacao.com\/1\/2018\/01\/13\/reforma-da-previdencia-base-aliada-trabalha-no-recesso-para-convencer-indecisos\/","title":{"rendered":"Reforma da Previd\u00eancia: base aliada trabalha no recesso para convencer indecisos"},"content":{"rendered":"<p>As articula\u00e7\u00f5es em torno da reforma da Previd\u00eancia devem se intensificar nos pr\u00f3ximos dias \u00e0 medida que alguns l\u00edderes partid\u00e1rios est\u00e3o voltando do per\u00edodo de f\u00e9rias e se aproxima a data da vota\u00e7\u00e3o da mat\u00e9ria no plen\u00e1rio da C\u00e2mara. A not\u00edcia do\u00a0rebaixamento da nota\u00a0de investimento do Brasil reacendeu o debate e deve refor\u00e7ar os argumentos da equipe favor\u00e1vel \u00e0 reforma.<\/p>\n<p>Com o recesso do Congresso Nacional at\u00e9 fevereiro, quando est\u00e1 previsto o in\u00edcio do debate da reforma no plen\u00e1rio da C\u00e2mara, muitos parlamentares est\u00e3o se movimentando em seus estados para angariar os votos necess\u00e1rios para aprovar a proposta. A estrat\u00e9gia envolve encontro com governadores, prefeitos e outras autoridades locais com o objetivo de aproximar o debate da reforma das bases eleitorais dos deputados.<\/p>\n<p>Em Bras\u00edlia, o ministro da Secretaria de Governo, Carlos Marun, tem se reunido desde o in\u00edcio do ano com v\u00e1rios parlamentares para definir as pr\u00f3ximas estrat\u00e9gias de articula\u00e7\u00e3o em busca dos votos para aprovar a reforma. Respons\u00e1vel pela articula\u00e7\u00e3o pol\u00edtica do governo,disse Marun que \u00e1 reforma da Previd\u00eancia \u201cest\u00e1 em todos os di\u00e1logos\u201d da agenda da equipe de governo e o clima em torno da reforma tem melhorado e se tornado mais \u201cfavor\u00e1vel\u201d.<\/p>\n<p>Por se tratar de uma emenda constitucional, s\u00e3o necess\u00e1rios pelo menos 308 votos favor\u00e1veis entre os 513 deputados para ser aprovada, em dois turnos. Desde o fim do ano passado, os principais articuladores da base governista tem evitado comentar o n\u00famero atual de votos j\u00e1 conquistados em prol das mudan\u00e7as na Previd\u00eancia. Segundo l\u00edderes governistas, a contabilidade dos votos deve ser fechada com mais precis\u00e3o no in\u00edcio de fevereiro, quando as lideran\u00e7as j\u00e1 estar\u00e3o em contato mais direto com as bancadas.<\/p>\n<p>Grau de investimento<\/p>\n<p>Na vis\u00e3o dos l\u00edderes governistas, a redu\u00e7\u00e3o da nota de cr\u00e9dito do Brasil por uma ag\u00eancia internacional de classifica\u00e7\u00e3o de risco gerou um \u201cimpacto preliminar\u201d na motiva\u00e7\u00e3o dos parlamentares. \u201cIsso melhora na narrativa para n\u00f3s que defendemos [a aprova\u00e7\u00e3o da reforma&#8221;, disse o l\u00edder da maioria na C\u00e2mara, Lelo Coimbra (PMDB-ES), que completa: &#8220;agora \u00e9 torcer pra gente reunir a tropa, n\u00e9? N\u00e3o \u00e9 tropa de choque, \u00e9 tropa de convencimento\u201d.<\/p>\n<p>O presidente Rodrigo Maia tamb\u00e9m acredita que a avalia\u00e7\u00e3o negativa do pa\u00eds\u00a0pode contribuir para convencer\u00a0os parlamentares. J\u00e1 para o ministro Marun, a not\u00edcia do rebaixamento do grau de investimento do Brasil ajuda na conscientiza\u00e7\u00e3o da sociedade e consequentemente dos parlamentares, mas \u201ca not\u00edcia em si n\u00e3o vai trazer votos\u201d.<\/p>\n<p>\u201cA consci\u00eancia de que n\u00f3s temos que reformar a Previd\u00eancia j\u00e1 \u00e9 consolidada. Claro que eu vejo a not\u00edcia do rebaixamento como ruim, porque n\u00e3o deixa de corroborar o que n\u00f3s estamos afirmando: que o Brasil precisa reformar sua Previd\u00eancia pra ter a perspectiva de um futuro de menos incerteza e de m\u00ednima prosperidade\u201d, disse Marun.<\/p>\n<p>O ministro disse que esta semana ainda n\u00e3o deve ter nenhuma grande reuni\u00e3o em Bras\u00edlia sobre o assunto, pois ele e outros articuladores, como o presidente da C\u00e2mara, Rodrigo Maia (DEM-RJ), estar\u00e3o fora da capital.<\/p>\n<p>Marun foi convidado pela Federa\u00e7\u00e3o das Ind\u00fastrias do Estado de S\u00e3o Paulo (Fiesp) para participar de um evento na ter\u00e7a-feira (16), na capital paulista, para falar sobre a situa\u00e7\u00e3o macroecon\u00f4mica do Brasil. O evento \u00e9 organizado por um grupo de profissionais favor\u00e1veis \u00e0s mudan\u00e7as na legisla\u00e7\u00e3o previdenci\u00e1ria e deve contar com a participa\u00e7\u00e3o de v\u00e1rios l\u00edderes governistas.<\/p>\n<p>Rodrigo Maia embarcou neste s\u00e1bado (13) para os Estados Unidos, onde tem extensa agenda marcada com o secret\u00e1rio-geral da Organiza\u00e7\u00e3o das Na\u00e7\u00f5es Unidas (ONU), Ant\u00f3nio Guterrez, empres\u00e1rios e parlamentares norte-americanos. Maia viajou com outros quatro deputados e voltar\u00e1 para o Brasil na sexta-feira (19).<\/p>\n<p><strong>CARIRI EM A\u00c7\u00c3O<\/strong><\/p>\n<p><em>Com Ebc\/Foto: Reprodu\u00e7\u00e3o google<\/em><\/p>\n<p><strong>Leia mais not\u00edcias em\u00a0<\/strong><a href=\"http:\/\/www.caririemacao.com\/\"><strong>caririemacao.com<\/strong><\/a><strong>, siga nossa p\u00e1gina no\u00a0<\/strong><a href=\"https:\/\/www.facebook.com\/CaririEmAcao\/?ref=aymt_homepage_panel\"><strong>Facebook<\/strong><\/a>,<strong>\u00a0<\/strong><a href=\"https:\/\/www.instagram.com\/cariri_em_acao\/?hl=pt-br\"><strong>Instagram<\/strong><\/a><strong>\u00a0e\u00a0<\/strong><a href=\"https:\/\/www.youtube.com\/channel\/UCAptA0jQuYQy8vMhLt2m4qg\"><strong>Youtube<\/strong><\/a><strong>\u00a0e veja nossas mat\u00e9rias, v\u00eddeos e fotos. Voc\u00ea tamb\u00e9m pode enviar informa\u00e7\u00f5es \u00e0 Reda\u00e7\u00e3o do Portal Cariri em A\u00e7\u00e3o pelo WhatsApp (83) 9 9634.5791, (83) 9 9601-1162.<\/strong><\/p>\n","protected":false},"excerpt":{"rendered":"<p>As articula\u00e7\u00f5es em torno da reforma da Previd\u00eancia devem se intensificar nos pr\u00f3ximos dias \u00e0 medida que alguns l\u00edderes partid\u00e1rios est\u00e3o voltando do per\u00edodo de&hellip; <\/p>\n","protected":false},"author":2,"featured_media":37237,"comment_status":"closed","ping_status":"closed","sticky":false,"template":"","format":"standard","meta":{"sfsi_plus_gutenberg_text_before_share":"","sfsi_plus_gutenberg_show_text_before_share":"","sfsi_plus_gutenberg_icon_type":"","sfsi_plus_gutenberg_icon_alignemt":"","sfsi_plus_gutenburg_max_per_row":"","footnotes":""},"categories":[2],"tags":[],"class_list":["post-37236","post","type-post","status-publish","format-standard","has-post-thumbnail","hentry","category-geral"],"_links":{"self":[{"href":"https:\/\/www.caririemacao.com\/1\/wp-json\/wp\/v2\/posts\/37236","targetHints":{"allow":["GET"]}}],"collection":[{"href":"https:\/\/www.caririemacao.com\/1\/wp-json\/wp\/v2\/posts"}],"about":[{"href":"https:\/\/www.caririemacao.com\/1\/wp-json\/wp\/v2\/types\/post"}],"author":[{"embeddable":true,"href":"https:\/\/www.caririemacao.com\/1\/wp-json\/wp\/v2\/users\/2"}],"replies":[{"embeddable":true,"href":"https:\/\/www.caririemacao.com\/1\/wp-json\/wp\/v2\/comments?post=37236"}],"version-history":[{"count":0,"href":"https:\/\/www.caririemacao.com\/1\/wp-json\/wp\/v2\/posts\/37236\/revisions"}],"wp:featuredmedia":[{"embeddable":true,"href":"https:\/\/www.caririemacao.com\/1\/wp-json\/wp\/v2\/media\/37237"}],"wp:attachment":[{"href":"https:\/\/www.caririemacao.com\/1\/wp-json\/wp\/v2\/media?parent=37236"}],"wp:term":[{"taxonomy":"category","embeddable":true,"href":"https:\/\/www.caririemacao.com\/1\/wp-json\/wp\/v2\/categories?post=37236"},{"taxonomy":"post_tag","embeddable":true,"href":"https:\/\/www.caririemacao.com\/1\/wp-json\/wp\/v2\/tags?post=37236"}],"curies":[{"name":"wp","href":"https:\/\/api.w.org\/{rel}","templated":true}]}}