{"id":37239,"date":"2018-01-13T20:47:25","date_gmt":"2018-01-13T23:47:25","guid":{"rendered":"http:\/\/caririemacao.com\/1\/?p=37239"},"modified":"2018-01-13T20:47:25","modified_gmt":"2018-01-13T23:47:25","slug":"grave-acidente-deixa-13-mortos-e-39-feridos-na-br-251","status":"publish","type":"post","link":"https:\/\/www.caririemacao.com\/1\/2018\/01\/13\/grave-acidente-deixa-13-mortos-e-39-feridos-na-br-251\/","title":{"rendered":"Grave acidente deixa 13 mortos e 39 feridos na BR-251"},"content":{"rendered":"<p>Um acidente envolvendo uma Van de Catol\u00e9 do Rocha, Sert\u00e3o da Para\u00edba, e mais quatro ve\u00edculos na BR-251, no Norte de Minas, causou ao menos treze mortes. A batida foi perto de Bocaina, no munic\u00edpio de Gr\u00e3o Mogol e ocorreu por volta das 5h deste s\u00e1bado, segundo informa\u00e7\u00f5es iniciais da Pol\u00edcia Rodovi\u00e1ria Federal (PRF). O acidente aconteceu no km 400, num trecho considerado perigoso. Al\u00e9m de sinaliza\u00e7\u00e3o foram colocados redutores de velocidade no local.<\/p>\n<p>A Van retornava de S\u00e3o Paulo Capital, e era conduzida por Kaliandro, propriet\u00e1rio do ve\u00edculo, que fazia a linha de Catol\u00e9 do Rocha para a capital paulista.<\/p>\n<p>De acordo com as primeiras informa\u00e7\u00f5es, o acidente teria ocorrido \u00e0s 05h00 da madrugada deste s\u00e1bado (13 de janeiro), no norte do estado de Minas Gerais, e teria vitimado al\u00e9m do condutor da Van, que \u00e9 natural de Catol\u00e9 do Rocha, mais outras pessoas de Catol\u00e9 do Rocha.<\/p>\n<p><b>ENTENDA<\/b><\/p>\n<p>Treze pessoas morreram e 39 ficaram feridas em um grave acidente na BR-251, em Gr\u00e3o Mogol, no Norte de Minas, na manh\u00e3 deste s\u00e1bado (13). Seis corpos foram encontrados debaixo das ferragens dos ve\u00edculos.<\/p>\n<p>Segundo o Samu e os Bombeiros, onze pessoas est\u00e3o em estado grave, uma em estado grav\u00edssimo e 27 sofreram ferimentos leves. De acordo com a Pol\u00edcia Rodovi\u00e1ria Federal, o acidente foi provocado por um caminh\u00e3o que invadiu a contram\u00e3o e seis ve\u00edculos se envolveram na batida. Entre eles dois micro-\u00f4nibus e uma van. A Van era conduzida por Kaliandro Turismo, natural de Catol\u00e9 do Rocha. A maioria das v\u00edtimas fatais estavam na van.<\/p>\n<p>\u201cUm caminh\u00e3o ford cargo invadiu a contram\u00e3o e bateu em um micro-\u00f4nibus, em raz\u00e3o dessa colis\u00e3o uma van que seguia sentido Salinas jogou para a contram\u00e3o e tombou. Uma carreta que estava nessa via bateu nessa Van. O caminh\u00e3o ford cargo continuou desgovernado, bateu em uma carreta que saiu da pista e pegou fogo, e em seguida atingiu um outro micro-\u00f4nibus. Um caminh\u00e3o que era transportado neste ford cargo caiu sobre esse micro-\u00f4nibus\u201d, explicou Joana Dark, da Pol\u00edcia Rodovi\u00e1ria Federal.<\/p>\n<p>A carreta que pegou fogo transportava papel e o motorista viajava com dois filhos, de 5 e 17 anos. \u201cO condutor conseguiu salvar apenas o filho de 5 anos e a filha de 17 faleceu dentro do ve\u00edculo\u201d, explicou a policial.<\/p>\n<p>A rodovia est\u00e1 interditada pr\u00f3ximo ao Povoado de Bocaina, em Gr\u00e3o Mogol, e n\u00e3o h\u00e1 previs\u00e3o para libera\u00e7\u00e3o total da pista. O tr\u00e2nsito foi parcialmente liberado sentido Montes Claros\/ Salinas. O congestionamento chegou a 20 km nos dois sentidos da pista.<\/p>\n<p>Segundo o Samu, ambul\u00e2ncias do suporte avan\u00e7ado e b\u00e1sico de Montes Claros, e unidades de Francisco S\u00e1, Salinas, Crist\u00e1lia e Porteirinha se deslocaram para o local do acidente. Um helic\u00f3ptero da Pol\u00edcia Militar auxiliou no socorro \u00e0s v\u00edtimas, que foram levadas para hospitais de Francisco S\u00e1, Salinas e Montes Claros.<\/p>\n<p>A enfermeira do Samu Michelly Santos falou sobre o que a equipe viu logo que chegou onde ocorreu a batida.<\/p>\n<p>\u201cA situa\u00e7\u00e3o l\u00e1 \u00e9 muito triste. \u00c9 um micro-\u00f4nibus, um caminh\u00e3o que tinha outro caminh\u00e3o em cima dele, que colidiu com o \u00f4nibus e esse eixo parece que foi para dentro do \u00f4nibus. V\u00edtimas presas nas ferragens, algumas em \u00f3bito e outras sendo retiradas. O m\u00e9dico do SAMU, \u00e9 ele que tria os pacientes que est\u00e3o em estado mais grave. Os mais graves v\u00eam de helic\u00f3ptero e os mais est\u00e1veis por transporte terrestre\u201d, relatou.<\/p>\n<p>De acordo com os bombeiros, uma guarni\u00e7\u00e3o de combate a inc\u00eandio e duas de salvamento atuam no acidente.<\/p>\n<p><a href=\"http:\/\/caririemacao.com\/1\/wp-content\/uploads\/2018\/01\/20180113113924212106o-2.jpg\"><img fetchpriority=\"high\" decoding=\"async\" class=\"aligncenter size-medium wp-image-37248\" src=\"http:\/\/caririemacao.com\/1\/wp-content\/uploads\/2018\/01\/20180113113924212106o-2-225x300.jpg\" alt=\"\" width=\"225\" height=\"300\" srcset=\"https:\/\/www.caririemacao.com\/1\/wp-content\/uploads\/2018\/01\/20180113113924212106o-2-225x300.jpg 225w, https:\/\/www.caririemacao.com\/1\/wp-content\/uploads\/2018\/01\/20180113113924212106o-2-768x1024.jpg 768w, https:\/\/www.caririemacao.com\/1\/wp-content\/uploads\/2018\/01\/20180113113924212106o-2.jpg 820w\" sizes=\"(max-width: 225px) 100vw, 225px\" \/><\/a><\/p>\n<p><strong>CARIRI EM A\u00c7\u00c3O<\/strong><\/p>\n<p><em>Com <i>IN1 com<\/i>\/Foto:\u00a0<i>IN1 com<\/i><\/em><\/p>\n<p><strong>Leia mais not\u00edcias em\u00a0<\/strong><a href=\"http:\/\/www.caririemacao.com\/\"><strong>caririemacao.com<\/strong><\/a><strong>, siga nossa p\u00e1gina no\u00a0<\/strong><a href=\"https:\/\/www.facebook.com\/CaririEmAcao\/?ref=aymt_homepage_panel\"><strong>Facebook<\/strong><\/a>,<strong>\u00a0<\/strong><a href=\"https:\/\/www.instagram.com\/cariri_em_acao\/?hl=pt-br\"><strong>Instagram<\/strong><\/a><strong>\u00a0e\u00a0<\/strong><a href=\"https:\/\/www.youtube.com\/channel\/UCAptA0jQuYQy8vMhLt2m4qg\"><strong>Youtube<\/strong><\/a><strong>\u00a0e veja nossas mat\u00e9rias, v\u00eddeos e fotos. Voc\u00ea tamb\u00e9m pode enviar informa\u00e7\u00f5es \u00e0 Reda\u00e7\u00e3o do Portal Cariri em A\u00e7\u00e3o pelo WhatsApp (83) 9 9634.5791, (83) 9 9601-1162.<\/strong><\/p>\n","protected":false},"excerpt":{"rendered":"<p>Um acidente envolvendo uma Van de Catol\u00e9 do Rocha, Sert\u00e3o da Para\u00edba, e mais quatro ve\u00edculos na BR-251, no Norte de Minas, causou ao menos&hellip; <\/p>\n","protected":false},"author":2,"featured_media":37249,"comment_status":"closed","ping_status":"closed","sticky":false,"template":"","format":"standard","meta":{"sfsi_plus_gutenberg_text_before_share":"","sfsi_plus_gutenberg_show_text_before_share":"","sfsi_plus_gutenberg_icon_type":"","sfsi_plus_gutenberg_icon_alignemt":"","sfsi_plus_gutenburg_max_per_row":"","footnotes":""},"categories":[12],"tags":[],"class_list":["post-37239","post","type-post","status-publish","format-standard","has-post-thumbnail","hentry","category-policia"],"_links":{"self":[{"href":"https:\/\/www.caririemacao.com\/1\/wp-json\/wp\/v2\/posts\/37239","targetHints":{"allow":["GET"]}}],"collection":[{"href":"https:\/\/www.caririemacao.com\/1\/wp-json\/wp\/v2\/posts"}],"about":[{"href":"https:\/\/www.caririemacao.com\/1\/wp-json\/wp\/v2\/types\/post"}],"author":[{"embeddable":true,"href":"https:\/\/www.caririemacao.com\/1\/wp-json\/wp\/v2\/users\/2"}],"replies":[{"embeddable":true,"href":"https:\/\/www.caririemacao.com\/1\/wp-json\/wp\/v2\/comments?post=37239"}],"version-history":[{"count":0,"href":"https:\/\/www.caririemacao.com\/1\/wp-json\/wp\/v2\/posts\/37239\/revisions"}],"wp:featuredmedia":[{"embeddable":true,"href":"https:\/\/www.caririemacao.com\/1\/wp-json\/wp\/v2\/media\/37249"}],"wp:attachment":[{"href":"https:\/\/www.caririemacao.com\/1\/wp-json\/wp\/v2\/media?parent=37239"}],"wp:term":[{"taxonomy":"category","embeddable":true,"href":"https:\/\/www.caririemacao.com\/1\/wp-json\/wp\/v2\/categories?post=37239"},{"taxonomy":"post_tag","embeddable":true,"href":"https:\/\/www.caririemacao.com\/1\/wp-json\/wp\/v2\/tags?post=37239"}],"curies":[{"name":"wp","href":"https:\/\/api.w.org\/{rel}","templated":true}]}}