{"id":37254,"date":"2018-01-13T21:12:28","date_gmt":"2018-01-14T00:12:28","guid":{"rendered":"http:\/\/caririemacao.com\/1\/?p=37254"},"modified":"2018-01-13T21:12:28","modified_gmt":"2018-01-14T00:12:28","slug":"bolsonaro-provoca-crise-em-seu-novo-partido","status":"publish","type":"post","link":"https:\/\/www.caririemacao.com\/1\/2018\/01\/13\/bolsonaro-provoca-crise-em-seu-novo-partido\/","title":{"rendered":"Bolsonaro provoca crise em seu novo partido"},"content":{"rendered":"<div class=\"foto\"><\/div>\n<div id=\"pub-retangulo-1\" class=\"arroba publicidade clearfix\" data-google-query-id=\"CKvFooKT1tgCFQJIhgodA3wHAA\">\n<div id=\"google_ads_iframe_\/95377733\/info.web.oglobo\/brasil\/materia_6__container__\">S\u00c3O PAULO \u2014 \u201cQuem vier para n\u00e3o apoiar o\u00a0Bolsonaro, \u00e9 prefer\u00edvel que n\u00e3o venha\u201d. A frase do deputado federal Luciano Bivar, presidente do\u00a0PSL, sigla que deve abrigar, a partir de mar\u00e7o, o presidenci\u00e1vel Jair Bolsonaro, hoje no PSC, engana. Na verdade, mais gente pediu para sair do que para entrar no partido. No \u00faltimo dia 5, ap\u00f3s o an\u00fancio da filia\u00e7\u00e3o, o\u00a0Livres, corrente de vi\u00e9s liberal da legenda, anunciou uma sa\u00edda em bloco de filiados, acusando o pr\u00e9-candidato de ser um \u201cfalso liberal\u201d. Dentro da pr\u00f3pria fam\u00edlia Bivar, a decis\u00e3o causou um racha: S\u00e9rgio, um dos fundadores do Livres, optou pelo grupo dissidente ao inv\u00e9s do projeto liderado pelo pr\u00f3prio pai. Por fim, a movimenta\u00e7\u00e3o de Bolsonaro tamb\u00e9m cancelou a estrat\u00e9gia do PSL de ganhar seis deputados federais. A negocia\u00e7\u00e3o, intermediada pelo Livres, foi cancelada. Bivar, no entanto, minimiza o \u201cefeito Bolsonaro\u201d no partido:<\/div>\n<\/div>\n<p>\u2014 O Livres \u00e9 um movimento criado por mim. Sa\u00edram meia d\u00fazia de rapazes que cabem numa Kombi. N\u00f3s precis\u00e1vamos de algu\u00e9m que carregasse nossas bandeiras \u2014 disse, em tom de galhofa, usual nos discursos do mais novo aliado.<\/p>\n<p>Presidente interino do Livres, Paulo Gontijo discorda. Segundo ele, o grupo chegou a assumir 12 diret\u00f3rios estaduais e iniciou os processos de expuls\u00e3o do deputado federal Alfredo Kaefer, do Paran\u00e1, que se absteve na vota\u00e7\u00e3o da cassa\u00e7\u00e3o de Eduardo Cunha, e do deputado estadual carioca M\u00e1rcio Canella, que votou pela soltura de Jorge Picciani.<\/p>\n<p>A rela\u00e7\u00e3o entre o PSL e o Livres come\u00e7ou em dezembro de 2015. Apresentados ao PSL por S\u00e9rgio Bivar, os integrantes do movimento decidiu usar o partido como uma esp\u00e9cie de incubadora, com o objetivo de criar o \u201cprimeiro partido liberal org\u00e2nico\u201d, segundo seus militantes. Em troca de ceder o partido, o patriarca da fam\u00edlia Bivar permaneceu na presid\u00eancia, alegando que n\u00e3o gostaria de perder o que chamava de \u201cbot\u00e3o de reset\u201d.<\/p>\n<p>O bot\u00e3o foi acionado com a chegada de Bolsonaro. Ap\u00f3s o an\u00fancio da chegada do pr\u00e9-candidato ao partido, o grupo alegou incompatibilidade ideol\u00f3gica. Os deputados que entrariam no partido tamb\u00e9m deixaram o projeto de lado.<\/p>\n<p>\u2014 Foi uma decep\u00e7\u00e3o. O PSL optou por um caminho pragm\u00e1tico. O nosso (caminho) era melhorar a qualidade do Legislativo \u2014 diz Evair de Melo (PV-ES), um dos deputados que negociavam a ida ao PSL.<\/p>\n<p>Os deputados fazem parte do grupo conhecido como \u201ccabe\u00e7as-pretas\u201d, como Daniel Coelho (PSDB-PE) e Pedro Cunha Lima (PSDB-PB), filho do senador C\u00e1ssio Cunha Lima. Os dois estudavam migrar para o PSL, articula\u00e7\u00e3o que implodiu com o an\u00fancio da filia\u00e7\u00e3o de Bolsonaro.<\/p>\n<p>Um m\u00eas antes do an\u00fancio da chegada do ex-capit\u00e3o do Ex\u00e9rcito, Bivar e o grupo publicaram uma nota negando a possibilidade da filia\u00e7\u00e3o. Dentro do campo da direita, o Livres antagoniza com os f\u00e3s do presidenci\u00e1vel. Nas redes sociais, simpatizantes de ambos os lados trocaram acusa\u00e7\u00f5es.<\/p>\n<p>\u2014 Nossa incompatibilidade vem pela forma como ele faz pol\u00edtica, com autoritarismo \u2014 afirma Gontijo.<\/p>\n<p>Segundo lideran\u00e7as do grupo, Bivar justificou ao Livres que aceitou receber Bolsonaro por temor de perder espa\u00e7o em Pernambuco. Eleito como suplente, Bivar ocupa uma vaga na Congresso desde julho de 2017, gra\u00e7as \u00e0 nomea\u00e7\u00e3o do deputado Kaio Mani\u00e7oba para a Secretaria de Habita\u00e7\u00e3o. Um dos deputados federais interessados em migrar para o PSL, Daniel Coelho \u00e9 opositor do grupo que atualmente governa o estado. A cl\u00e1usula de barreira tamb\u00e9m foi apontada como um motivo que pode ter motivado Bivar.<\/p>\n<p>Bivar, no entanto, apresenta outra raz\u00e3o para filiar Bolsonaro. Diz que ele ser\u00e1 um \u201carauto do liberalismo&#8221; para o partido:<\/p>\n<p>\u2014 O pensamento dele \u00e9 o mesmo que o meu \u2014 sustenta o presidente do PSL.<\/p>\n<p><strong>CARIRI EM A\u00c7\u00c3O<\/strong><\/p>\n<p><em>Com\u00a0\u00a0<span class=\"autor\">Dimitrius Dantas<\/span>\/Foto: Reprodu\u00e7\u00e3o google<\/em><\/p>\n<p><strong>Leia mais not\u00edcias em\u00a0<\/strong><a href=\"http:\/\/www.caririemacao.com\/\"><strong>caririemacao.com<\/strong><\/a><strong>, siga nossa p\u00e1gina no\u00a0<\/strong><a href=\"https:\/\/www.facebook.com\/CaririEmAcao\/?ref=aymt_homepage_panel\"><strong>Facebook<\/strong><\/a>,<strong>\u00a0<\/strong><a href=\"https:\/\/www.instagram.com\/cariri_em_acao\/?hl=pt-br\"><strong>Instagram<\/strong><\/a><strong>\u00a0e\u00a0<\/strong><a href=\"https:\/\/www.youtube.com\/channel\/UCAptA0jQuYQy8vMhLt2m4qg\"><strong>Youtube<\/strong><\/a><strong>\u00a0e veja nossas mat\u00e9rias, v\u00eddeos e fotos. Voc\u00ea tamb\u00e9m pode enviar informa\u00e7\u00f5es \u00e0 Reda\u00e7\u00e3o do Portal Cariri em A\u00e7\u00e3o pelo WhatsApp (83) 9 9634.5791, (83) 9 9601-1162.<\/strong><\/p>\n","protected":false},"excerpt":{"rendered":"<p>S\u00c3O PAULO \u2014 \u201cQuem vier para n\u00e3o apoiar o\u00a0Bolsonaro, \u00e9 prefer\u00edvel que n\u00e3o venha\u201d. A frase do deputado federal Luciano Bivar, presidente do\u00a0PSL, sigla que&hellip; <\/p>\n","protected":false},"author":2,"featured_media":13412,"comment_status":"closed","ping_status":"closed","sticky":false,"template":"","format":"standard","meta":{"sfsi_plus_gutenberg_text_before_share":"","sfsi_plus_gutenberg_show_text_before_share":"","sfsi_plus_gutenberg_icon_type":"","sfsi_plus_gutenberg_icon_alignemt":"","sfsi_plus_gutenburg_max_per_row":"","footnotes":""},"categories":[11],"tags":[],"class_list":["post-37254","post","type-post","status-publish","format-standard","has-post-thumbnail","hentry","category-politica"],"_links":{"self":[{"href":"https:\/\/www.caririemacao.com\/1\/wp-json\/wp\/v2\/posts\/37254","targetHints":{"allow":["GET"]}}],"collection":[{"href":"https:\/\/www.caririemacao.com\/1\/wp-json\/wp\/v2\/posts"}],"about":[{"href":"https:\/\/www.caririemacao.com\/1\/wp-json\/wp\/v2\/types\/post"}],"author":[{"embeddable":true,"href":"https:\/\/www.caririemacao.com\/1\/wp-json\/wp\/v2\/users\/2"}],"replies":[{"embeddable":true,"href":"https:\/\/www.caririemacao.com\/1\/wp-json\/wp\/v2\/comments?post=37254"}],"version-history":[{"count":0,"href":"https:\/\/www.caririemacao.com\/1\/wp-json\/wp\/v2\/posts\/37254\/revisions"}],"wp:featuredmedia":[{"embeddable":true,"href":"https:\/\/www.caririemacao.com\/1\/wp-json\/wp\/v2\/media\/13412"}],"wp:attachment":[{"href":"https:\/\/www.caririemacao.com\/1\/wp-json\/wp\/v2\/media?parent=37254"}],"wp:term":[{"taxonomy":"category","embeddable":true,"href":"https:\/\/www.caririemacao.com\/1\/wp-json\/wp\/v2\/categories?post=37254"},{"taxonomy":"post_tag","embeddable":true,"href":"https:\/\/www.caririemacao.com\/1\/wp-json\/wp\/v2\/tags?post=37254"}],"curies":[{"name":"wp","href":"https:\/\/api.w.org\/{rel}","templated":true}]}}