{"id":37256,"date":"2018-01-13T21:17:37","date_gmt":"2018-01-14T00:17:37","guid":{"rendered":"http:\/\/caririemacao.com\/1\/?p=37256"},"modified":"2018-01-13T21:17:37","modified_gmt":"2018-01-14T00:17:37","slug":"pt-reafirmara-candidatura-de-lula-em-25-01-diz-padilha","status":"publish","type":"post","link":"https:\/\/www.caririemacao.com\/1\/2018\/01\/13\/pt-reafirmara-candidatura-de-lula-em-25-01-diz-padilha\/","title":{"rendered":"PT reafirmar\u00e1 candidatura de Lula em 25\/01, diz Padilha"},"content":{"rendered":"<p>O vice-presidente nacional do PT e ex-ministro da Sa\u00fade, Alexandre Padilha, afirmou que o partido vai reafirmar a candidatura do ex-presidente Luiz In\u00e1cio Lula da Silva \u00e0 presid\u00eancia nas elei\u00e7\u00f5es de 2018, independente de qual for o resultado do julgamento no Tribunal Regional Federal da 4.\u00aa Regi\u00e3o (TRF4), em Porto Alegre, marcado para o pr\u00f3ximo dia 24.<\/p>\n<p>Padilha afirmou que o diret\u00f3rio nacional do PT se reunir\u00e1 no dia 25, um dia depois do julgamento, para confirmar a candidatura de Lula. Questionado sobre a possibilidade de a candidatura vir a ser impugnada pela Justi\u00e7a Eleitoral caso haja condena\u00e7\u00e3o pelo TRF-4, Padilha refor\u00e7ou o nome de Lula. &#8220;\u00c9 o nosso candidato at\u00e9 o fim&#8221;, disse.<\/p>\n<p>\u00c0s v\u00e9speras de julgamento, petistas se re\u00fanem em ato de apoio a Lula<\/p>\n<p>O PT d\u00e1 in\u00edcio neste s\u00e1bado a uma s\u00e9rie de mobiliza\u00e7\u00f5es planejadas para manifestar apoio a Lula. Na agenda, est\u00e3o atos de artistas e intelectuais com Lula no Rio de Janeiro, na pr\u00f3xima ter\u00e7a-feira, 16, e em S\u00e3o Paulo, na quinta-feira, 18.<\/p>\n<p>O partido lan\u00e7ou comit\u00eas populares que, segundo Padilha, t\u00eam o objetivo de &#8220;refor\u00e7ar a inoc\u00eancia&#8221; de Lula. S\u00e3o 6 mil comit\u00eas criados em v\u00e1rias regi\u00f5es do Brasil.<\/p>\n<p>A estrat\u00e9gia do partido, conforme disse Padilha, \u00e9 manter uma postura cr\u00edtica quanto \u00e0 condena\u00e7\u00e3o de Lula em primeira inst\u00e2ncia (emitida pelo juiz Sergio Moro) e questionar ainda aquilo que o PT considerou ser uma celeridade incomum do TRF-4 em marcar a data do julgamento em segunda inst\u00e2ncia.<\/p>\n<p>&#8220;Vamos seguir questionando a senten\u00e7a de Curitiba e o procedimento do TRF-4, que fez um verdadeiro fura-fila de processos&#8221;, afirmou o ex-ministro dos governos de Lula e Dilma Rousseff.<\/p>\n<p>No dia 24, enquanto durar o julgamento de Lula o PT prev\u00ea a realiza\u00e7\u00e3o de uma vig\u00edlia. Ap\u00f3s uma decis\u00e3o do TRF-4, o partido planeja realizar um ato em Porto Alegre e prev\u00ea ainda receber Lula durante a noite em S\u00e3o Paulo, num ato com movimentos sociais e entidades sindicais previsto para ocorrer na Avenida Paulista.<\/p>\n<p>Sobre se Lula dever\u00e1 acompanhar o julgamento em Porto Alegre, Padilha afirmou que a agenda do ex-presidente ainda aguarda defini\u00e7\u00f5es dos advogados.<\/p>\n<p>Durante a tarde deste s\u00e1bado, militantes do PT grafitaram o rosto de Lula na parede do pr\u00e9dio que sedia o diret\u00f3rio nacional do partido. Uma grande faixa foi estendida na fachada: trazia o rosto de Lula estampado e os dizeres &#8220;Elei\u00e7\u00e3o sem Lula \u00e9 fraude&#8221;.<\/p>\n<p>O PT est\u00e1 organizando ainda um encontro de militantes nos dias 23 e 24 de janeiro em Porto Alegre. Um site de doa\u00e7\u00f5es criado pelo comando nacional do partido para a data registrava neste s\u00e1bado, segundo o pr\u00f3prio endere\u00e7o, mais de 700 doa\u00e7\u00f5es. Com informa\u00e7\u00f5es do Estad\u00e3o Conte\u00fado.<\/p>\n<p><strong>CARIRI EM A\u00c7\u00c3O<\/strong><\/p>\n<p><em>Com Not\u00edcias ao Minuto\/Foto: Reprodu\u00e7\u00e3o google<\/em><\/p>\n<p><strong>Leia mais not\u00edcias em\u00a0<\/strong><a href=\"http:\/\/www.caririemacao.com\/\"><strong>caririemacao.com<\/strong><\/a><strong>, siga nossa p\u00e1gina no\u00a0<\/strong><a href=\"https:\/\/www.facebook.com\/CaririEmAcao\/?ref=aymt_homepage_panel\"><strong>Facebook<\/strong><\/a>,<strong>\u00a0<\/strong><a href=\"https:\/\/www.instagram.com\/cariri_em_acao\/?hl=pt-br\"><strong>Instagram<\/strong><\/a><strong>\u00a0e\u00a0<\/strong><a href=\"https:\/\/www.youtube.com\/channel\/UCAptA0jQuYQy8vMhLt2m4qg\"><strong>Youtube<\/strong><\/a><strong>\u00a0e veja nossas mat\u00e9rias, v\u00eddeos e fotos. Voc\u00ea tamb\u00e9m pode enviar informa\u00e7\u00f5es \u00e0 Reda\u00e7\u00e3o do Portal Cariri em A\u00e7\u00e3o pelo WhatsApp (83) 9 9634.5791, (83) 9 9601-1162.<\/strong><\/p>\n","protected":false},"excerpt":{"rendered":"<p>O vice-presidente nacional do PT e ex-ministro da Sa\u00fade, Alexandre Padilha, afirmou que o partido vai reafirmar a candidatura do ex-presidente Luiz In\u00e1cio Lula da&hellip; <\/p>\n","protected":false},"author":2,"featured_media":23817,"comment_status":"closed","ping_status":"closed","sticky":false,"template":"","format":"standard","meta":{"sfsi_plus_gutenberg_text_before_share":"","sfsi_plus_gutenberg_show_text_before_share":"","sfsi_plus_gutenberg_icon_type":"","sfsi_plus_gutenberg_icon_alignemt":"","sfsi_plus_gutenburg_max_per_row":"","footnotes":""},"categories":[1],"tags":[],"class_list":["post-37256","post","type-post","status-publish","format-standard","has-post-thumbnail","hentry","category-o-site"],"_links":{"self":[{"href":"https:\/\/www.caririemacao.com\/1\/wp-json\/wp\/v2\/posts\/37256","targetHints":{"allow":["GET"]}}],"collection":[{"href":"https:\/\/www.caririemacao.com\/1\/wp-json\/wp\/v2\/posts"}],"about":[{"href":"https:\/\/www.caririemacao.com\/1\/wp-json\/wp\/v2\/types\/post"}],"author":[{"embeddable":true,"href":"https:\/\/www.caririemacao.com\/1\/wp-json\/wp\/v2\/users\/2"}],"replies":[{"embeddable":true,"href":"https:\/\/www.caririemacao.com\/1\/wp-json\/wp\/v2\/comments?post=37256"}],"version-history":[{"count":0,"href":"https:\/\/www.caririemacao.com\/1\/wp-json\/wp\/v2\/posts\/37256\/revisions"}],"wp:featuredmedia":[{"embeddable":true,"href":"https:\/\/www.caririemacao.com\/1\/wp-json\/wp\/v2\/media\/23817"}],"wp:attachment":[{"href":"https:\/\/www.caririemacao.com\/1\/wp-json\/wp\/v2\/media?parent=37256"}],"wp:term":[{"taxonomy":"category","embeddable":true,"href":"https:\/\/www.caririemacao.com\/1\/wp-json\/wp\/v2\/categories?post=37256"},{"taxonomy":"post_tag","embeddable":true,"href":"https:\/\/www.caririemacao.com\/1\/wp-json\/wp\/v2\/tags?post=37256"}],"curies":[{"name":"wp","href":"https:\/\/api.w.org\/{rel}","templated":true}]}}