{"id":37258,"date":"2018-01-13T21:23:29","date_gmt":"2018-01-14T00:23:29","guid":{"rendered":"http:\/\/caririemacao.com\/1\/?p=37258"},"modified":"2018-01-13T21:23:29","modified_gmt":"2018-01-14T00:23:29","slug":"com-dores-nas-costelas-neymar-desfalca-o-psg-contra-o-nantes","status":"publish","type":"post","link":"https:\/\/www.caririemacao.com\/1\/2018\/01\/13\/com-dores-nas-costelas-neymar-desfalca-o-psg-contra-o-nantes\/","title":{"rendered":"Com dores nas costelas, Neymar desfalca o PSG contra o Nantes"},"content":{"rendered":"<p>Neymar vai ter um descanso for\u00e7ado neste domingo (14). O atacante brasileiro sofre com dores nas costelas e n\u00e3o foi relacionado neste s\u00e1bado pelo Paris Saint-Germain para o duelo contra o Nantes, fora de casa, pela 20.\u00aa rodada do Campeonato Franc\u00eas.<\/p>\n<p>O problema de Neymar surgiu na vit\u00f3ria sobre o Amiens por 2 a 0, pela Copa da Liga Francesa, na \u00faltima quarta-feira. O atacante at\u00e9 chegou a treinar neste s\u00e1bado, mas acabou preservado para o jogo deste domingo. Outro brasileiro que segue fora \u00e9 o volante Thiago Motta, com um problema na panturrilha.<\/p>\n<p>Chelsea decepciona e s\u00f3 empata com o Leicester em casa no Ingl\u00eas<\/p>\n<p>Se a dupla desfalcar\u00e1 o Paris Saint-Germain, Edinson Cavani est\u00e1 de volta. O atacante uruguaio n\u00e3o fora mais relacionado desde o atraso em sua reapresenta\u00e7\u00e3o ap\u00f3s a folga de final de ano, mas acabou convocado para enfrentar o Nantes.<\/p>\n<p>J\u00e1 o argentino Javier Pastore, que tamb\u00e9m atrasou a sua reapresenta\u00e7\u00e3o, segue fora da lista de relacionados do t\u00e9cnico Unai Emery. O zagueiro brasileiro Thiago Silva, inclusive, afirmou que o meia estaria tentando deixar o Paris Saint-Germain nesta janela de transfer\u00eancias internacionais.<\/p>\n<p>O argentino at\u00e9 usou as redes sociais para negar a inten\u00e7\u00e3o de trocar de clube. Mas, se Cavani foi &#8220;perdoado&#8221; e voltou ao time, Javier Pastore ficar\u00e1 mais um jogo sem ser utilizado.<\/p>\n<p><strong>CARIRI EM A\u00c7\u00c3O<\/strong><\/p>\n<p><em>Com Not\u00edcias ao Minuto\/Foto:\u00a0Not\u00edcias ao Minuto<\/em><\/p>\n<p><strong>Leia mais not\u00edcias em\u00a0<\/strong><a href=\"http:\/\/www.caririemacao.com\/\"><strong>caririemacao.com<\/strong><\/a><strong>, siga nossa p\u00e1gina no\u00a0<\/strong><a href=\"https:\/\/www.facebook.com\/CaririEmAcao\/?ref=aymt_homepage_panel\"><strong>Facebook<\/strong><\/a>,<strong>\u00a0<\/strong><a href=\"https:\/\/www.instagram.com\/cariri_em_acao\/?hl=pt-br\"><strong>Instagram<\/strong><\/a><strong>\u00a0e\u00a0<\/strong><a href=\"https:\/\/www.youtube.com\/channel\/UCAptA0jQuYQy8vMhLt2m4qg\"><strong>Youtube<\/strong><\/a><strong>\u00a0e veja nossas mat\u00e9rias, v\u00eddeos e fotos. Voc\u00ea tamb\u00e9m pode enviar informa\u00e7\u00f5es \u00e0 Reda\u00e7\u00e3o do Portal Cariri em A\u00e7\u00e3o pelo WhatsApp (83) 9 9634.5791, (83) 9 9601-1162.<\/strong><\/p>\n","protected":false},"excerpt":{"rendered":"<p>Neymar vai ter um descanso for\u00e7ado neste domingo (14). O atacante brasileiro sofre com dores nas costelas e n\u00e3o foi relacionado neste s\u00e1bado pelo Paris&hellip; <\/p>\n","protected":false},"author":2,"featured_media":37259,"comment_status":"closed","ping_status":"closed","sticky":false,"template":"","format":"standard","meta":{"sfsi_plus_gutenberg_text_before_share":"","sfsi_plus_gutenberg_show_text_before_share":"","sfsi_plus_gutenberg_icon_type":"","sfsi_plus_gutenberg_icon_alignemt":"","sfsi_plus_gutenburg_max_per_row":"","footnotes":""},"categories":[13],"tags":[],"class_list":["post-37258","post","type-post","status-publish","format-standard","has-post-thumbnail","hentry","category-esportes"],"_links":{"self":[{"href":"https:\/\/www.caririemacao.com\/1\/wp-json\/wp\/v2\/posts\/37258","targetHints":{"allow":["GET"]}}],"collection":[{"href":"https:\/\/www.caririemacao.com\/1\/wp-json\/wp\/v2\/posts"}],"about":[{"href":"https:\/\/www.caririemacao.com\/1\/wp-json\/wp\/v2\/types\/post"}],"author":[{"embeddable":true,"href":"https:\/\/www.caririemacao.com\/1\/wp-json\/wp\/v2\/users\/2"}],"replies":[{"embeddable":true,"href":"https:\/\/www.caririemacao.com\/1\/wp-json\/wp\/v2\/comments?post=37258"}],"version-history":[{"count":0,"href":"https:\/\/www.caririemacao.com\/1\/wp-json\/wp\/v2\/posts\/37258\/revisions"}],"wp:featuredmedia":[{"embeddable":true,"href":"https:\/\/www.caririemacao.com\/1\/wp-json\/wp\/v2\/media\/37259"}],"wp:attachment":[{"href":"https:\/\/www.caririemacao.com\/1\/wp-json\/wp\/v2\/media?parent=37258"}],"wp:term":[{"taxonomy":"category","embeddable":true,"href":"https:\/\/www.caririemacao.com\/1\/wp-json\/wp\/v2\/categories?post=37258"},{"taxonomy":"post_tag","embeddable":true,"href":"https:\/\/www.caririemacao.com\/1\/wp-json\/wp\/v2\/tags?post=37258"}],"curies":[{"name":"wp","href":"https:\/\/api.w.org\/{rel}","templated":true}]}}