{"id":37262,"date":"2018-01-13T21:34:47","date_gmt":"2018-01-14T00:34:47","guid":{"rendered":"http:\/\/caririemacao.com\/1\/?p=37262"},"modified":"2018-01-13T21:34:47","modified_gmt":"2018-01-14T00:34:47","slug":"cassio-reconhece-qualidades-do-adversario","status":"publish","type":"post","link":"https:\/\/www.caririemacao.com\/1\/2018\/01\/13\/cassio-reconhece-qualidades-do-adversario\/","title":{"rendered":"C\u00e1ssio reconhece qualidades do advers\u00e1rio"},"content":{"rendered":"<div>H\u00e1 quase 20 anos durante a memor\u00e1vel festa de anivers\u00e1rio do ent\u00e3o governador Jos\u00e9 Maranh\u00e3o, um discurso bomb\u00e1stico do ex-governador, senador e ex-prefeito de Campina Grande Ronaldo Cunha Lima, dividiu a pol\u00edtica paraibana.<\/div>\n<div>\n<p>O rompimento hist\u00f3rico entre \u2018ronaldistas\u2019 e \u2018maranhistas\u2019, aconteceu no \u00a0Clube Campestre em Campina Grande, em abril de 1998, em meio a um show pirot\u00e9cnico.<\/p>\n<p>O \u00e9pico epis\u00f3dio do Campestre colocou em campos opostos as duas principais lideran\u00e7as pol\u00edticas paraibanas. Ronaldo e Maranh\u00e3o se tornaram advers\u00e1rios politicos\u00a0e o racha atingiu todo o cl\u00e3\u00a0Cunha Lima.<\/p>\n<p>Naquele ano, Maranh\u00e3o venceu a conven\u00e7\u00e3o do PMDB realizada no Clube Cabo Branco, e posteriormente foi reeleito governador, ap\u00f3s derrotar Gilvan Freire.<\/p>\n<p>Maranh\u00e3o governou a Para\u00edba por tr\u00eas vezes, mas nas duas ocasi\u00f5es em que enfrentou C\u00e1ssio Cunha Lima, principal herdeiro pol\u00edtico de Ronaldo, foi derrotado nas urnas.<\/p>\n<p>As disputas entre os dois grupos pelo comando pol\u00edtico e administrativo da Para\u00edba, foi acirrada em cada elei\u00e7\u00e3o realizadas nas \u00faltimas duas d\u00e9cadas. Ganhou for\u00e7a em Campina Grande nos pleitos estadual e municipal.<\/p>\n<p>Passadas quase duas d\u00e9cadas do racha, as m\u00e1goas parecem\u00a0que cessaram, e C\u00e1ssio e Maranh\u00e3o\u00a0ensaiam uma nova reaproxima\u00e7\u00e3o pol\u00edtica. Os dois senadores j\u00e1 se reuniram recentemente para tratar de pol\u00edtica e do futuro da\u00a0Para\u00edba, e uma alian\u00e7a entre o tucano e o mdbista pode est\u00e1 se formando. Maranh\u00e3o \u00e9 candidato ao Governo do Estado e deve ceder a vaga de vice para ser ocupada por um &#8220;Cunha Lima&#8221;.<\/p>\n<p>A divis\u00e3o entre os at\u00e9 ent\u00e3o aliados foi herdada por C\u00e1ssio Cunha Lima, que perpetuou o racha at\u00e9 pouco tempo atr\u00e1s, momento em que os senadores C\u00e1ssio Cunha Lima e Maranh\u00e3o tiveram a oportunidade de conviver lado a lado no Senado Federal.<\/p>\n<p>Essa semana, pela primeira vez o senador C\u00e1ssio falou publicamente de sua reaproxima\u00e7\u00e3o com Maranh\u00e3o. Disse que a vida reserva oportunidades de fazer parte da oposi\u00e7\u00e3o e da situa\u00e7\u00e3o. Surpreedentemente; o tucano reconheceu algumas qualidades de JM e de sua luta e favor da Para\u00edba.<\/p>\n<p>&#8221; A vida nos proporciona a oportunidade de experimentar algumas situa\u00e7\u00f5es. A minha conviv\u00eancia na bancada do Senado com o senador Jos\u00e9 Maranh\u00e3o nos aproximou. Na conviv\u00eancia, percebi que ele n\u00e3o tem tantos defeitos como eu imaginava, e ele percebeu que eu n\u00e3o tenho tantos defeitos como ele pensava. A luta em prol da Para\u00edba nos aproximou e estivemos lado a lado na conquista pela conclus\u00e3o da transposi\u00e7\u00e3o, na triplica\u00e7\u00e3o da BR-230 de Cabedelo a Oitizeiro, da duplica\u00e7\u00e3o do trecho entre Campina Grande e a Pra\u00e7a do Meio do Mundo, entre outros. Hoje existe uma rela\u00e7\u00e3o desobstru\u00edda e estamos convivendo bem para o bem da Para\u00edba \u2013 afirmou C\u00e1ssio<\/p>\n<\/div>\n<div>\n<p><strong>CARIRI EM A\u00c7\u00c3O<\/strong><\/p>\n<p><em>Com\u00a0PB Agora\/Foto:Reprodu\u00e7\u00e3o google<\/em><\/p>\n<p><strong>Leia mais not\u00edcias em\u00a0<\/strong><a href=\"http:\/\/www.caririemacao.com\/\"><strong>caririemacao.com<\/strong><\/a><strong>, siga nossa p\u00e1gina no\u00a0<\/strong><a href=\"https:\/\/www.facebook.com\/CaririEmAcao\/?ref=aymt_homepage_panel\"><strong>Facebook<\/strong><\/a>,<strong>\u00a0<\/strong><a href=\"https:\/\/www.instagram.com\/cariri_em_acao\/?hl=pt-br\"><strong>Instagram<\/strong><\/a><strong>\u00a0e\u00a0<\/strong><a href=\"https:\/\/www.youtube.com\/channel\/UCAptA0jQuYQy8vMhLt2m4qg\"><strong>Youtube<\/strong><\/a><strong>\u00a0e veja nossas mat\u00e9rias, v\u00eddeos e fotos. Voc\u00ea tamb\u00e9m pode enviar informa\u00e7\u00f5es \u00e0 Reda\u00e7\u00e3o do Portal Cariri em A\u00e7\u00e3o pelo WhatsApp (83) 9 9634.5791, (83) 9 9601-1162.<\/strong><\/p>\n<\/div>\n","protected":false},"excerpt":{"rendered":"<p>H\u00e1 quase 20 anos durante a memor\u00e1vel festa de anivers\u00e1rio do ent\u00e3o governador Jos\u00e9 Maranh\u00e3o, um discurso bomb\u00e1stico do ex-governador, senador e ex-prefeito de Campina&hellip; <\/p>\n","protected":false},"author":2,"featured_media":23482,"comment_status":"closed","ping_status":"closed","sticky":false,"template":"","format":"standard","meta":{"sfsi_plus_gutenberg_text_before_share":"","sfsi_plus_gutenberg_show_text_before_share":"","sfsi_plus_gutenberg_icon_type":"","sfsi_plus_gutenberg_icon_alignemt":"","sfsi_plus_gutenburg_max_per_row":"","footnotes":""},"categories":[11],"tags":[],"class_list":["post-37262","post","type-post","status-publish","format-standard","has-post-thumbnail","hentry","category-politica"],"_links":{"self":[{"href":"https:\/\/www.caririemacao.com\/1\/wp-json\/wp\/v2\/posts\/37262","targetHints":{"allow":["GET"]}}],"collection":[{"href":"https:\/\/www.caririemacao.com\/1\/wp-json\/wp\/v2\/posts"}],"about":[{"href":"https:\/\/www.caririemacao.com\/1\/wp-json\/wp\/v2\/types\/post"}],"author":[{"embeddable":true,"href":"https:\/\/www.caririemacao.com\/1\/wp-json\/wp\/v2\/users\/2"}],"replies":[{"embeddable":true,"href":"https:\/\/www.caririemacao.com\/1\/wp-json\/wp\/v2\/comments?post=37262"}],"version-history":[{"count":0,"href":"https:\/\/www.caririemacao.com\/1\/wp-json\/wp\/v2\/posts\/37262\/revisions"}],"wp:featuredmedia":[{"embeddable":true,"href":"https:\/\/www.caririemacao.com\/1\/wp-json\/wp\/v2\/media\/23482"}],"wp:attachment":[{"href":"https:\/\/www.caririemacao.com\/1\/wp-json\/wp\/v2\/media?parent=37262"}],"wp:term":[{"taxonomy":"category","embeddable":true,"href":"https:\/\/www.caririemacao.com\/1\/wp-json\/wp\/v2\/categories?post=37262"},{"taxonomy":"post_tag","embeddable":true,"href":"https:\/\/www.caririemacao.com\/1\/wp-json\/wp\/v2\/tags?post=37262"}],"curies":[{"name":"wp","href":"https:\/\/api.w.org\/{rel}","templated":true}]}}