{"id":37264,"date":"2018-01-14T06:46:28","date_gmt":"2018-01-14T09:46:28","guid":{"rendered":"http:\/\/caririemacao.com\/1\/?p=37264"},"modified":"2018-01-14T06:46:28","modified_gmt":"2018-01-14T09:46:28","slug":"policia-detem-quatro-acusados-da-morte-de-agricultor-na-paraiba","status":"publish","type":"post","link":"https:\/\/www.caririemacao.com\/1\/2018\/01\/14\/policia-detem-quatro-acusados-da-morte-de-agricultor-na-paraiba\/","title":{"rendered":"Pol\u00edcia det\u00e9m quatro acusados da morte de agricultor na Para\u00edba"},"content":{"rendered":"<p>O N\u00facleo de Homic\u00eddios da Pol\u00edcia Civil de Esperan\u00e7a capturou quatro acusados na morte de agricultor na zona rural de S\u00e3o Sebasti\u00e3o de Lagoa de Ro\u00e7a, agreste paraibano.<\/p>\n<p>Hugo David Andrade, de 21 anos, Walmir Ferreira da Silva J\u00fanior, de 23 e mais dois adolescentes, um de 15 e outro de 17 anos \u2013 que s\u00e3o irm\u00e3os \u2013 confessaram a pr\u00e1tica do latroc\u00ednio de In\u00e1cio Marques Filho, o \u201cIn\u00e1cio do Fluminense\u201d, ocorrido na semana passada.<\/p>\n<p>A captura dos acusados foi feita pela equipe de agentes da 12\u00aa DSPC liderada pelo delegado Jorge Luiz Almeida.<\/p>\n<p><strong>CARIRI EM A\u00c7\u00c3O<\/strong><\/p>\n<p><em>Com PBHoje\/Foto:\u00a0PBHoje<\/em><\/p>\n<p><strong>Leia mais not\u00edcias em\u00a0<\/strong><a href=\"http:\/\/www.caririemacao.com\/\"><strong>caririemacao.com<\/strong><\/a><strong>, siga nossa p\u00e1gina no\u00a0<\/strong><a href=\"https:\/\/www.facebook.com\/CaririEmAcao\/?ref=aymt_homepage_panel\"><strong>Facebook<\/strong><\/a>,<strong>\u00a0<\/strong><a href=\"https:\/\/www.instagram.com\/cariri_em_acao\/?hl=pt-br\"><strong>Instagram<\/strong><\/a><strong>\u00a0e\u00a0<\/strong><a href=\"https:\/\/www.youtube.com\/channel\/UCAptA0jQuYQy8vMhLt2m4qg\"><strong>Youtube<\/strong><\/a><strong>\u00a0e veja nossas mat\u00e9rias, v\u00eddeos e fotos. Voc\u00ea tamb\u00e9m pode enviar informa\u00e7\u00f5es \u00e0 Reda\u00e7\u00e3o do Portal Cariri em A\u00e7\u00e3o pelo WhatsApp (83) 9 9634.5791, (83) 9 9601-1162.<\/strong><\/p>\n","protected":false},"excerpt":{"rendered":"<p>O N\u00facleo de Homic\u00eddios da Pol\u00edcia Civil de Esperan\u00e7a capturou quatro acusados na morte de agricultor na zona rural de S\u00e3o Sebasti\u00e3o de Lagoa de&hellip; <\/p>\n","protected":false},"author":2,"featured_media":37265,"comment_status":"closed","ping_status":"closed","sticky":false,"template":"","format":"standard","meta":{"sfsi_plus_gutenberg_text_before_share":"","sfsi_plus_gutenberg_show_text_before_share":"","sfsi_plus_gutenberg_icon_type":"","sfsi_plus_gutenberg_icon_alignemt":"","sfsi_plus_gutenburg_max_per_row":"","footnotes":""},"categories":[12],"tags":[],"class_list":["post-37264","post","type-post","status-publish","format-standard","has-post-thumbnail","hentry","category-policia"],"_links":{"self":[{"href":"https:\/\/www.caririemacao.com\/1\/wp-json\/wp\/v2\/posts\/37264","targetHints":{"allow":["GET"]}}],"collection":[{"href":"https:\/\/www.caririemacao.com\/1\/wp-json\/wp\/v2\/posts"}],"about":[{"href":"https:\/\/www.caririemacao.com\/1\/wp-json\/wp\/v2\/types\/post"}],"author":[{"embeddable":true,"href":"https:\/\/www.caririemacao.com\/1\/wp-json\/wp\/v2\/users\/2"}],"replies":[{"embeddable":true,"href":"https:\/\/www.caririemacao.com\/1\/wp-json\/wp\/v2\/comments?post=37264"}],"version-history":[{"count":0,"href":"https:\/\/www.caririemacao.com\/1\/wp-json\/wp\/v2\/posts\/37264\/revisions"}],"wp:featuredmedia":[{"embeddable":true,"href":"https:\/\/www.caririemacao.com\/1\/wp-json\/wp\/v2\/media\/37265"}],"wp:attachment":[{"href":"https:\/\/www.caririemacao.com\/1\/wp-json\/wp\/v2\/media?parent=37264"}],"wp:term":[{"taxonomy":"category","embeddable":true,"href":"https:\/\/www.caririemacao.com\/1\/wp-json\/wp\/v2\/categories?post=37264"},{"taxonomy":"post_tag","embeddable":true,"href":"https:\/\/www.caririemacao.com\/1\/wp-json\/wp\/v2\/tags?post=37264"}],"curies":[{"name":"wp","href":"https:\/\/api.w.org\/{rel}","templated":true}]}}