{"id":37267,"date":"2018-01-14T06:51:43","date_gmt":"2018-01-14T09:51:43","guid":{"rendered":"http:\/\/caririemacao.com\/1\/?p=37267"},"modified":"2018-01-14T06:51:43","modified_gmt":"2018-01-14T09:51:43","slug":"capitao-da-policia-militar-sofre-sequestro-relampago-quando-esperava-a-filha-em-frente-de-laboratorio-na-paraiba","status":"publish","type":"post","link":"https:\/\/www.caririemacao.com\/1\/2018\/01\/14\/capitao-da-policia-militar-sofre-sequestro-relampago-quando-esperava-a-filha-em-frente-de-laboratorio-na-paraiba\/","title":{"rendered":"Capit\u00e3o da Pol\u00edcia Militar sofre sequestro-rel\u00e2mpago quando esperava a filha em frente de laborat\u00f3rio na Para\u00edba"},"content":{"rendered":"<p>Policiais do 10\u00b0 BPM capturaram uma dupla acusada de assaltar e sequestrar o capit\u00e3o da pol\u00edcia, Neves, em pleno Centro de Campina Grande, na manh\u00e3 deste s\u00e1bado (13).<\/p>\n<p>A v\u00edtima estava esperando a filha sair de um laborat\u00f3rio de an\u00e1lises cl\u00ednicas quando foi surpreendida pelos bandidos por tr\u00e1s da ag\u00eancia da Caixa Econ\u00f4mica Federal por volta das 06h40 da manh\u00e3.<\/p>\n<p>Veja relato do Capit\u00e3o Neves, da PM:<\/p>\n<p>\u201c\u00c0s 06h40 de hoje deixei minha filha na Pr\u00f3-sangue e quando estava aguardando no ve\u00edculo, fui abordado por dois elementos n\u00e3o identificados, um deles armado com um rev\u00f3lver.<\/p>\n<p>Em seguida, eles subtra\u00edram meu celular e me mandaram ir para o banco de tr\u00e1s, sempre me amea\u00e7ando de morte caso tentasse sair ou sinalizar para alguma viatura.<\/p>\n<p>No momento em que fui abordado, eu estava desarmado, pois iria caminhar quando sa\u00edsse da cl\u00ednica.<\/p>\n<p>Como o meu ve\u00edculo tem um dispositivo de seguran\u00e7a que bloqueia o funcionamento, fui preparando os ladr\u00f5es, alegando que o carro estava com pouco combust\u00edvel e problema mec\u00e2nico.<\/p>\n<p>Importante ressaltar que n\u00e3o esbocei rea\u00e7\u00e3o, embora houvesse a possibilidade e a todo instante eu os acalmava, talvez por isso, sairam tranquilos.<\/p>\n<p>Defronte ao sem\u00e1foro do \u201cPneus Cobra\u201d o ve\u00edculo parou, e, em seguida os indiv\u00edduos sa\u00edram caminhando em dire\u00e7\u00e3o a Janeide Cabeleireiros no Alto Branco.<\/p>\n<p>Rapidamente liguei o ve\u00edculo e numa pra\u00e7a de t\u00e1xi pedi um celular emprestado, solicitei o apoio do CIOP.<\/p>\n<p>Imediatamente a guarni\u00e7\u00e3o do Sgt Moura compareceu ao local, realizamos dilig\u00eancias e cinco minutos depois, n\u00f3s abordamos os dois elementos embaixo do viaduto.\u201d<\/p>\n<p><strong>CARIRI EM A\u00c7\u00c3O<\/strong><\/p>\n<p><em>Com\u00a0Para\u00edba.com\/Foto:Para\u00edba.com<\/em><\/p>\n<p><strong>Leia mais not\u00edcias em\u00a0<\/strong><a href=\"http:\/\/www.caririemacao.com\/\"><strong>caririemacao.com<\/strong><\/a><strong>, siga nossa p\u00e1gina no\u00a0<\/strong><a href=\"https:\/\/www.facebook.com\/CaririEmAcao\/?ref=aymt_homepage_panel\"><strong>Facebook<\/strong><\/a>,<strong>\u00a0<\/strong><a href=\"https:\/\/www.instagram.com\/cariri_em_acao\/?hl=pt-br\"><strong>Instagram<\/strong><\/a><strong>\u00a0e\u00a0<\/strong><a href=\"https:\/\/www.youtube.com\/channel\/UCAptA0jQuYQy8vMhLt2m4qg\"><strong>Youtube<\/strong><\/a><strong>\u00a0e veja nossas mat\u00e9rias, v\u00eddeos e fotos. Voc\u00ea tamb\u00e9m pode enviar informa\u00e7\u00f5es \u00e0 Reda\u00e7\u00e3o do Portal Cariri em A\u00e7\u00e3o pelo WhatsApp (83) 9 9634.5791, (83) 9 9601-1162.<\/strong><\/p>\n","protected":false},"excerpt":{"rendered":"<p>Policiais do 10\u00b0 BPM capturaram uma dupla acusada de assaltar e sequestrar o capit\u00e3o da pol\u00edcia, Neves, em pleno Centro de Campina Grande, na manh\u00e3&hellip; <\/p>\n","protected":false},"author":2,"featured_media":37268,"comment_status":"closed","ping_status":"closed","sticky":false,"template":"","format":"standard","meta":{"sfsi_plus_gutenberg_text_before_share":"","sfsi_plus_gutenberg_show_text_before_share":"","sfsi_plus_gutenberg_icon_type":"","sfsi_plus_gutenberg_icon_alignemt":"","sfsi_plus_gutenburg_max_per_row":"","footnotes":""},"categories":[12],"tags":[],"class_list":["post-37267","post","type-post","status-publish","format-standard","has-post-thumbnail","hentry","category-policia"],"_links":{"self":[{"href":"https:\/\/www.caririemacao.com\/1\/wp-json\/wp\/v2\/posts\/37267","targetHints":{"allow":["GET"]}}],"collection":[{"href":"https:\/\/www.caririemacao.com\/1\/wp-json\/wp\/v2\/posts"}],"about":[{"href":"https:\/\/www.caririemacao.com\/1\/wp-json\/wp\/v2\/types\/post"}],"author":[{"embeddable":true,"href":"https:\/\/www.caririemacao.com\/1\/wp-json\/wp\/v2\/users\/2"}],"replies":[{"embeddable":true,"href":"https:\/\/www.caririemacao.com\/1\/wp-json\/wp\/v2\/comments?post=37267"}],"version-history":[{"count":0,"href":"https:\/\/www.caririemacao.com\/1\/wp-json\/wp\/v2\/posts\/37267\/revisions"}],"wp:featuredmedia":[{"embeddable":true,"href":"https:\/\/www.caririemacao.com\/1\/wp-json\/wp\/v2\/media\/37268"}],"wp:attachment":[{"href":"https:\/\/www.caririemacao.com\/1\/wp-json\/wp\/v2\/media?parent=37267"}],"wp:term":[{"taxonomy":"category","embeddable":true,"href":"https:\/\/www.caririemacao.com\/1\/wp-json\/wp\/v2\/categories?post=37267"},{"taxonomy":"post_tag","embeddable":true,"href":"https:\/\/www.caririemacao.com\/1\/wp-json\/wp\/v2\/tags?post=37267"}],"curies":[{"name":"wp","href":"https:\/\/api.w.org\/{rel}","templated":true}]}}