{"id":37281,"date":"2018-01-14T07:20:39","date_gmt":"2018-01-14T10:20:39","guid":{"rendered":"http:\/\/caririemacao.com\/1\/?p=37281"},"modified":"2018-01-14T07:20:39","modified_gmt":"2018-01-14T10:20:39","slug":"ato-em-cg-abre-manifestacoes-pro-lula-na-paraiba","status":"publish","type":"post","link":"https:\/\/www.caririemacao.com\/1\/2018\/01\/14\/ato-em-cg-abre-manifestacoes-pro-lula-na-paraiba\/","title":{"rendered":"Ato em CG abre manifesta\u00e7\u00f5es pr\u00f3-Lula na Para\u00edba"},"content":{"rendered":"<p>Petistas, sindicalistas, e movimentos sociais se reuniram na manh\u00e3 deste s\u00e1bado (13), na Pra\u00e7a da Bandeira, no Centro de Campina Grande, para se manifestar a favor do ex-presidente Lula, e contra a sua condena\u00e7\u00e3o no \u00e2mbito da Opera\u00e7\u00e3o Lava Jato, pelo juiz S\u00e9rgio Moro. Os manifestantes repudiaram a \u2018parcialidade\u2019 de Moro e lembraram tamb\u00e9m o \u2018golpe\u2019 contra a ex-presidente Dilma Rousseff.<\/p>\n<p>As manifesta\u00e7\u00f5e seguem em Jo\u00e3o Pessoa, a partir das 18 horas com uma Aula P\u00fablica, na Pra\u00e7a da Paz, nos Banc\u00e1rios, a ser ministrada por professores da UFPB eq que contar\u00e1 com presen\u00e7a do Senador Lindbergh Farias (PT\/RJ).<\/p>\n<p>De acordo com o presidente estadual do PT, Jackson Mac\u00eado, os atos n\u00e3o s\u00e3o de manifesta\u00e7\u00e3o de voto em Lula e, sim, em defesa do direito de Lula, l\u00edder nas pesquisas, ser candidato.<\/p>\n<p><strong>CARIRI EM A\u00c7\u00c3O<\/strong><\/p>\n<p><em>Com Wscom\/Foto:\u00a0M\u00e1rcio Caniello<\/em><\/p>\n<p><strong>Leia mais not\u00edcias em\u00a0<\/strong><a href=\"http:\/\/www.caririemacao.com\/\"><strong>caririemacao.com<\/strong><\/a><strong>, siga nossa p\u00e1gina no\u00a0<\/strong><a href=\"https:\/\/www.facebook.com\/CaririEmAcao\/?ref=aymt_homepage_panel\"><strong>Facebook<\/strong><\/a>,<strong>\u00a0<\/strong><a href=\"https:\/\/www.instagram.com\/cariri_em_acao\/?hl=pt-br\"><strong>Instagram<\/strong><\/a><strong>\u00a0e\u00a0<\/strong><a href=\"https:\/\/www.youtube.com\/channel\/UCAptA0jQuYQy8vMhLt2m4qg\"><strong>Youtube<\/strong><\/a><strong>\u00a0e veja nossas mat\u00e9rias, v\u00eddeos e fotos. Voc\u00ea tamb\u00e9m pode enviar informa\u00e7\u00f5es \u00e0 Reda\u00e7\u00e3o do Portal Cariri em A\u00e7\u00e3o pelo WhatsApp (83) 9 9634.5791, (83) 9 9601-1162.<\/strong><\/p>\n","protected":false},"excerpt":{"rendered":"<p>Petistas, sindicalistas, e movimentos sociais se reuniram na manh\u00e3 deste s\u00e1bado (13), na Pra\u00e7a da Bandeira, no Centro de Campina Grande, para se manifestar a&hellip; <\/p>\n","protected":false},"author":2,"featured_media":37282,"comment_status":"closed","ping_status":"closed","sticky":false,"template":"","format":"standard","meta":{"sfsi_plus_gutenberg_text_before_share":"","sfsi_plus_gutenberg_show_text_before_share":"","sfsi_plus_gutenberg_icon_type":"","sfsi_plus_gutenberg_icon_alignemt":"","sfsi_plus_gutenburg_max_per_row":"","footnotes":""},"categories":[1],"tags":[],"class_list":["post-37281","post","type-post","status-publish","format-standard","has-post-thumbnail","hentry","category-o-site"],"_links":{"self":[{"href":"https:\/\/www.caririemacao.com\/1\/wp-json\/wp\/v2\/posts\/37281","targetHints":{"allow":["GET"]}}],"collection":[{"href":"https:\/\/www.caririemacao.com\/1\/wp-json\/wp\/v2\/posts"}],"about":[{"href":"https:\/\/www.caririemacao.com\/1\/wp-json\/wp\/v2\/types\/post"}],"author":[{"embeddable":true,"href":"https:\/\/www.caririemacao.com\/1\/wp-json\/wp\/v2\/users\/2"}],"replies":[{"embeddable":true,"href":"https:\/\/www.caririemacao.com\/1\/wp-json\/wp\/v2\/comments?post=37281"}],"version-history":[{"count":0,"href":"https:\/\/www.caririemacao.com\/1\/wp-json\/wp\/v2\/posts\/37281\/revisions"}],"wp:featuredmedia":[{"embeddable":true,"href":"https:\/\/www.caririemacao.com\/1\/wp-json\/wp\/v2\/media\/37282"}],"wp:attachment":[{"href":"https:\/\/www.caririemacao.com\/1\/wp-json\/wp\/v2\/media?parent=37281"}],"wp:term":[{"taxonomy":"category","embeddable":true,"href":"https:\/\/www.caririemacao.com\/1\/wp-json\/wp\/v2\/categories?post=37281"},{"taxonomy":"post_tag","embeddable":true,"href":"https:\/\/www.caririemacao.com\/1\/wp-json\/wp\/v2\/tags?post=37281"}],"curies":[{"name":"wp","href":"https:\/\/api.w.org\/{rel}","templated":true}]}}