{"id":37284,"date":"2018-01-14T07:32:33","date_gmt":"2018-01-14T10:32:33","guid":{"rendered":"http:\/\/caririemacao.com\/1\/?p=37284"},"modified":"2018-01-14T07:32:33","modified_gmt":"2018-01-14T10:32:33","slug":"lucca-se-diz-satisfeito-e-promete-buscar-espaco-com-respeito","status":"publish","type":"post","link":"https:\/\/www.caririemacao.com\/1\/2018\/01\/14\/lucca-se-diz-satisfeito-e-promete-buscar-espaco-com-respeito\/","title":{"rendered":"Lucca se diz satisfeito e promete buscar espa\u00e7o com respeito"},"content":{"rendered":"<p class=\"selectionShareable\">Ap\u00f3s passar uma temporada emprestado para a Ponte Preta e ser considerado moeda de troca pela diretoria do Corinthians, o atacante Lucca voltou a defender o clube paulista no s\u00e1bado, em Orlando. Ele foi um dos 12 reservas que entraram no segundo tempo da partida contra o Rangers, da Esc\u00f3cia, e amargaram uma\u00a0goleada por 4 a 2, de virada.<\/p>\n<p class=\"selectionShareable\">Com a voz mansa ao final da partida, Lucca corrigiu o discurso de que n\u00e3o estava feliz no Corinthians. O jogador esperava ter sido aproveitado pelo t\u00e9cnico F\u00e1bio Carille j\u00e1 no empate por 1 a 1 (com vit\u00f3ria por 5 a 4 nos p\u00eanaltis) com o PSV Eindhoven, no primeiro compromisso da Copa Fl\u00f3rida, e n\u00e3o gostou de ser considerado descart\u00e1vel pela diretoria h\u00e1 at\u00e9 pouco tempo.<\/p>\n<p class=\"selectionShareable\">\u201cQuero permanecer. J\u00e1 conversamos. Estou satisfeito e vou buscar o meu espa\u00e7o com respeito por todo o mundo\u201d, disse Lucca, afirmando estar em sintonia com o seu comandante. \u201cTive uma conversa franca com o Carille, olho no olho. Ele me deu total confian\u00e7a. Vamos seguir em frente com respeito por todo o mundo\u201d, repetiu.<\/p>\n<p class=\"selectionShareable\">A primeira impress\u00e3o do atacante em a\u00e7\u00e3o, no entanto, n\u00e3o foi positiva. Lucca e os demais reservas do Corinthians foram muito mal diante do Rangers. \u201cApesar de serem os meus primeiros minutos no ano, pude me movimentar bem\u201d, argumentou. \u201cInfelizmente, n\u00e3o conseguimos manter o padr\u00e3o da primeira etapa. O Ranger foi superior, mas todo o mundo tentou\u201d, concluiu.<\/p>\n<p class=\"selectionShareable\">O primeiro jogo oficial do Corinthians em 2018 ser\u00e1 justamente contra o ex-clube de Lucca, rebaixado no Campeonato Brasileiro. Na noite de quarta-feira, o time da capital estrear\u00e1 no Campeonato Paulista diante da Ponte Preta, no Pacaembu.<\/p>\n<div class=\"os-chamada-post\">\n<div class=\"os-chamada-post-text-container\">\n<p><strong>CARIRI EM A\u00c7\u00c3O<\/strong><\/p>\n<p><em>Com Gazeta Esportiva\/Foto: Divulga\u00e7\u00e3o\/Florida Cup<\/em><\/p>\n<p><strong>Leia mais not\u00edcias em\u00a0<\/strong><a href=\"http:\/\/www.caririemacao.com\/\"><strong>caririemacao.com<\/strong><\/a><strong>, siga nossa p\u00e1gina no\u00a0<\/strong><a href=\"https:\/\/www.facebook.com\/CaririEmAcao\/?ref=aymt_homepage_panel\"><strong>Facebook<\/strong><\/a>,<strong>\u00a0<\/strong><a href=\"https:\/\/www.instagram.com\/cariri_em_acao\/?hl=pt-br\"><strong>Instagram<\/strong><\/a><strong>\u00a0e\u00a0<\/strong><a href=\"https:\/\/www.youtube.com\/channel\/UCAptA0jQuYQy8vMhLt2m4qg\"><strong>Youtube<\/strong><\/a><strong>\u00a0e veja nossas mat\u00e9rias, v\u00eddeos e fotos. Voc\u00ea tamb\u00e9m pode enviar informa\u00e7\u00f5es \u00e0 Reda\u00e7\u00e3o do Portal Cariri em A\u00e7\u00e3o pelo WhatsApp (83) 9 9634.5791, (83) 9 9601-1162.<\/strong><\/p>\n<\/div>\n<\/div>\n","protected":false},"excerpt":{"rendered":"<p>Ap\u00f3s passar uma temporada emprestado para a Ponte Preta e ser considerado moeda de troca pela diretoria do Corinthians, o atacante Lucca voltou a defender&hellip; <\/p>\n","protected":false},"author":2,"featured_media":37285,"comment_status":"closed","ping_status":"closed","sticky":false,"template":"","format":"standard","meta":{"sfsi_plus_gutenberg_text_before_share":"","sfsi_plus_gutenberg_show_text_before_share":"","sfsi_plus_gutenberg_icon_type":"","sfsi_plus_gutenberg_icon_alignemt":"","sfsi_plus_gutenburg_max_per_row":"","footnotes":""},"categories":[13],"tags":[],"class_list":["post-37284","post","type-post","status-publish","format-standard","has-post-thumbnail","hentry","category-esportes"],"_links":{"self":[{"href":"https:\/\/www.caririemacao.com\/1\/wp-json\/wp\/v2\/posts\/37284","targetHints":{"allow":["GET"]}}],"collection":[{"href":"https:\/\/www.caririemacao.com\/1\/wp-json\/wp\/v2\/posts"}],"about":[{"href":"https:\/\/www.caririemacao.com\/1\/wp-json\/wp\/v2\/types\/post"}],"author":[{"embeddable":true,"href":"https:\/\/www.caririemacao.com\/1\/wp-json\/wp\/v2\/users\/2"}],"replies":[{"embeddable":true,"href":"https:\/\/www.caririemacao.com\/1\/wp-json\/wp\/v2\/comments?post=37284"}],"version-history":[{"count":0,"href":"https:\/\/www.caririemacao.com\/1\/wp-json\/wp\/v2\/posts\/37284\/revisions"}],"wp:featuredmedia":[{"embeddable":true,"href":"https:\/\/www.caririemacao.com\/1\/wp-json\/wp\/v2\/media\/37285"}],"wp:attachment":[{"href":"https:\/\/www.caririemacao.com\/1\/wp-json\/wp\/v2\/media?parent=37284"}],"wp:term":[{"taxonomy":"category","embeddable":true,"href":"https:\/\/www.caririemacao.com\/1\/wp-json\/wp\/v2\/categories?post=37284"},{"taxonomy":"post_tag","embeddable":true,"href":"https:\/\/www.caririemacao.com\/1\/wp-json\/wp\/v2\/tags?post=37284"}],"curies":[{"name":"wp","href":"https:\/\/api.w.org\/{rel}","templated":true}]}}