{"id":37287,"date":"2018-01-14T07:37:41","date_gmt":"2018-01-14T10:37:41","guid":{"rendered":"http:\/\/caririemacao.com\/1\/?p=37287"},"modified":"2018-01-14T07:37:41","modified_gmt":"2018-01-14T10:37:41","slug":"sao-paulo-e-santos-ja-conhecem-tabela-das-oitavas","status":"publish","type":"post","link":"https:\/\/www.caririemacao.com\/1\/2018\/01\/14\/sao-paulo-e-santos-ja-conhecem-tabela-das-oitavas\/","title":{"rendered":"S\u00e3o Paulo e Santos j\u00e1 conhecem tabela das oitavas"},"content":{"rendered":"<p class=\"selectionShareable\">\u00a0Federa\u00e7\u00e3o Paulista de Futebol anunciou, na noite deste s\u00e1bado, datas e locais dos quatro primeiros jogos das oitavas de final da\u00a0Copa S\u00e3o Paulo de Juniores. Os demais confrontos desta fase ser\u00e3o definidos depois das partidas de domingo.<\/p>\n<p class=\"selectionShareable\">Os quatro compromissos j\u00e1 definidos ser\u00e3o disputados na segunda-feira. \u00c0s 20 horas (de Bras\u00edlia), o\u00a0S\u00e3o Paulo\u00a0jogar\u00e1 mais uma vez em Ribeir\u00e3o Preto, desta vez contra o\u00a0Cruzeiro.<\/p>\n<p class=\"selectionShareable\">J\u00e1 o\u00a0Santos, que\u00a0sofreu neste s\u00e1bado com o gramado\u00a0em Novo Horizonte, vai a Franca para encarar o\u00a0Atl\u00e9tico-PR, \u00e0s 17h30. O primeiro confronto das oitavas ser\u00e1 disputado em Osvaldo Cruz, \u00e0s 15 horas, entre\u00a0Internacional\u00a0e Desportiva Paraense.<\/p>\n<p class=\"selectionShareable\">A outra partida de segunda-feira colocar\u00e1 o<strong>\u00a0<\/strong>Vit\u00f3ria\u00a0em campo diante do Londrina, na cidade de Indaiatuba.<\/p>\n<p class=\"selectionShareable\">Confira abaixo a tabela:<br \/>\n15h Internacional-RS x Desportiva Paraense \u2013 Osvaldo Cruz<br \/>\n16h Londrina-PR x Vit\u00f3ria \u2013 Indaiatuba<br \/>\n17h30 Atl\u00e9tico Paranaense x Santos \u2013 Franca<br \/>\n20h S\u00e3o Paulo x Cruzeiro-MG \u2013 Ribeir\u00e3o Preto<\/p>\n<p><strong>CARIRI EM A\u00c7\u00c3O<\/strong><\/p>\n<p><em>Com Gazeta Esportiva\/Foto:\u00a0Pedro Ernesto Guerra Azevedo\/SFC e C\u00e9lio Messias\/SPFC<\/em><\/p>\n<p><strong>Leia mais not\u00edcias em\u00a0<\/strong><a href=\"http:\/\/www.caririemacao.com\/\"><strong>caririemacao.com<\/strong><\/a><strong>, siga nossa p\u00e1gina no\u00a0<\/strong><a href=\"https:\/\/www.facebook.com\/CaririEmAcao\/?ref=aymt_homepage_panel\"><strong>Facebook<\/strong><\/a>,<strong>\u00a0<\/strong><a href=\"https:\/\/www.instagram.com\/cariri_em_acao\/?hl=pt-br\"><strong>Instagram<\/strong><\/a><strong>\u00a0e\u00a0<\/strong><a href=\"https:\/\/www.youtube.com\/channel\/UCAptA0jQuYQy8vMhLt2m4qg\"><strong>Youtube<\/strong><\/a><strong>\u00a0e veja nossas mat\u00e9rias, v\u00eddeos e fotos. Voc\u00ea tamb\u00e9m pode enviar informa\u00e7\u00f5es \u00e0 Reda\u00e7\u00e3o do Portal Cariri em A\u00e7\u00e3o pelo WhatsApp (83) 9 9634.5791, (83) 9 9601-1162.<\/strong><\/p>\n<div class=\"os-chamada-post\">\n<div class=\"os-chamada-post-text-container\"><\/div>\n<\/div>\n","protected":false},"excerpt":{"rendered":"<p>\u00a0Federa\u00e7\u00e3o Paulista de Futebol anunciou, na noite deste s\u00e1bado, datas e locais dos quatro primeiros jogos das oitavas de final da\u00a0Copa S\u00e3o Paulo de Juniores.&hellip; <\/p>\n","protected":false},"author":2,"featured_media":37288,"comment_status":"closed","ping_status":"closed","sticky":false,"template":"","format":"standard","meta":{"sfsi_plus_gutenberg_text_before_share":"","sfsi_plus_gutenberg_show_text_before_share":"","sfsi_plus_gutenberg_icon_type":"","sfsi_plus_gutenberg_icon_alignemt":"","sfsi_plus_gutenburg_max_per_row":"","footnotes":""},"categories":[13],"tags":[],"class_list":["post-37287","post","type-post","status-publish","format-standard","has-post-thumbnail","hentry","category-esportes"],"_links":{"self":[{"href":"https:\/\/www.caririemacao.com\/1\/wp-json\/wp\/v2\/posts\/37287","targetHints":{"allow":["GET"]}}],"collection":[{"href":"https:\/\/www.caririemacao.com\/1\/wp-json\/wp\/v2\/posts"}],"about":[{"href":"https:\/\/www.caririemacao.com\/1\/wp-json\/wp\/v2\/types\/post"}],"author":[{"embeddable":true,"href":"https:\/\/www.caririemacao.com\/1\/wp-json\/wp\/v2\/users\/2"}],"replies":[{"embeddable":true,"href":"https:\/\/www.caririemacao.com\/1\/wp-json\/wp\/v2\/comments?post=37287"}],"version-history":[{"count":0,"href":"https:\/\/www.caririemacao.com\/1\/wp-json\/wp\/v2\/posts\/37287\/revisions"}],"wp:featuredmedia":[{"embeddable":true,"href":"https:\/\/www.caririemacao.com\/1\/wp-json\/wp\/v2\/media\/37288"}],"wp:attachment":[{"href":"https:\/\/www.caririemacao.com\/1\/wp-json\/wp\/v2\/media?parent=37287"}],"wp:term":[{"taxonomy":"category","embeddable":true,"href":"https:\/\/www.caririemacao.com\/1\/wp-json\/wp\/v2\/categories?post=37287"},{"taxonomy":"post_tag","embeddable":true,"href":"https:\/\/www.caririemacao.com\/1\/wp-json\/wp\/v2\/tags?post=37287"}],"curies":[{"name":"wp","href":"https:\/\/api.w.org\/{rel}","templated":true}]}}