{"id":37296,"date":"2018-01-14T11:08:23","date_gmt":"2018-01-14T14:08:23","guid":{"rendered":"http:\/\/caririemacao.com\/1\/?p=37296"},"modified":"2018-01-14T11:08:23","modified_gmt":"2018-01-14T14:08:23","slug":"ong-olhar-pelo-proximo-ira-ofertar-servicos-de-oftalmologia-gratuitamente-em-sume","status":"publish","type":"post","link":"https:\/\/www.caririemacao.com\/1\/2018\/01\/14\/ong-olhar-pelo-proximo-ira-ofertar-servicos-de-oftalmologia-gratuitamente-em-sume\/","title":{"rendered":"ONG \u201cOlhar Pelo Pr\u00f3ximo\u201d ir\u00e1 ofertar servi\u00e7os de oftalmologia gratuitamente em Sum\u00e9"},"content":{"rendered":"<p>Nos dias 15, 16 e 17 de janeiro, a ONG \u201cOlhar Pelo Pr\u00f3ximo\u201d, que oferece servi\u00e7os de oftalmologia gratuitamente para pessoas carentes, estar\u00e1 realizando em Sum\u00e9 uma triagem para identificar os tipos de exames ser\u00e3o necess\u00e1rios para a popula\u00e7\u00e3o interessada.<\/p>\n<p>A triagem ser\u00e1 realizada na quadra da Escola Estadual Professor Jos\u00e9 Gon\u00e7alves de Queiroz, a partir das 08h, as vagas s\u00e3o ilimitadas.<\/p>\n<p>Os trabalhos da ONG contam com a parceria da Prefeitura de Sum\u00e9, atrav\u00e9s da Secretaria de Sa\u00fade e da C\u00e2mara de Vereadores por meio do presidente, Jos\u00e9 Ant\u00f4nio Fernandes.<\/p>\n<p>A ONG \u00e9 uma Associa\u00e7\u00e3o criada no estado de Goi\u00e1s, com o intuito de atender a popula\u00e7\u00e3o carente na \u00e1rea de oftalmologia, fomentando parcerias e id\u00e9ias inovadoras para que toda a estrutura de exames e consultas cheguem aos lugares mais distantes do Brasil.<\/p>\n<p>A id\u00e9ia \u00e9 atingir o maior n\u00famero de habitantes por m\u00e9dico oftalmologista nas regi\u00f5es brasileiras e assim contribuir para a redu\u00e7\u00e3o dos \u00edndices de problemas de sa\u00fade visuais.<\/p>\n<p>A ONG conta com profissionais altamente capacitados, equipe completa para atender os mais diversos casos e complexidades, com equipamentos de \u00faltima gera\u00e7\u00e3o para melhor diagnosticar os pacientes e com isso encaminhar para seu tratamento espec\u00edfico.<\/p>\n<p><strong>CARIRI EM A\u00c7\u00c3O<\/strong><\/p>\n<p><em>Com Ascom \/Foto: Reprodu\u00e7\u00e3o Internet<\/em><\/p>\n<p><strong>Leia mais not\u00edcias em\u00a0<\/strong><a href=\"http:\/\/www.caririemacao.com\/\"><strong>caririemacao.com<\/strong><\/a><strong>, siga nossa p\u00e1gina no\u00a0<\/strong><a href=\"https:\/\/www.facebook.com\/CaririEmAcao\/?ref=aymt_homepage_panel\"><strong>Facebook<\/strong><\/a>,<strong>\u00a0<\/strong><a href=\"https:\/\/www.instagram.com\/cariri_em_acao\/?hl=pt-br\"><strong>Instagram<\/strong><\/a><strong>\u00a0e <\/strong><a href=\"https:\/\/www.youtube.com\/channel\/UCAptA0jQuYQy8vMhLt2m4qg\"><strong>Youtube<\/strong><\/a><strong>\u00a0e veja nossas mat\u00e9rias, v\u00eddeos e fotos. Voc\u00ea tamb\u00e9m pode enviar informa\u00e7\u00f5es \u00e0 Reda\u00e7\u00e3o do Portal Cariri em A\u00e7\u00e3o pelo WhatsApp (83) 9 9634.5791, (83) 9 9601-1162.<\/strong><\/p>\n<p>&nbsp;<\/p>\n","protected":false},"excerpt":{"rendered":"<p>Nos dias 15, 16 e 17 de janeiro, a ONG \u201cOlhar Pelo Pr\u00f3ximo\u201d, que oferece servi\u00e7os de oftalmologia gratuitamente para pessoas carentes, estar\u00e1 realizando em&hellip; <\/p>\n","protected":false},"author":2,"featured_media":31065,"comment_status":"closed","ping_status":"closed","sticky":false,"template":"","format":"standard","meta":{"sfsi_plus_gutenberg_text_before_share":"","sfsi_plus_gutenberg_show_text_before_share":"","sfsi_plus_gutenberg_icon_type":"","sfsi_plus_gutenberg_icon_alignemt":"","sfsi_plus_gutenburg_max_per_row":"","footnotes":""},"categories":[6],"tags":[],"class_list":["post-37296","post","type-post","status-publish","format-standard","has-post-thumbnail","hentry","category-cidades"],"_links":{"self":[{"href":"https:\/\/www.caririemacao.com\/1\/wp-json\/wp\/v2\/posts\/37296","targetHints":{"allow":["GET"]}}],"collection":[{"href":"https:\/\/www.caririemacao.com\/1\/wp-json\/wp\/v2\/posts"}],"about":[{"href":"https:\/\/www.caririemacao.com\/1\/wp-json\/wp\/v2\/types\/post"}],"author":[{"embeddable":true,"href":"https:\/\/www.caririemacao.com\/1\/wp-json\/wp\/v2\/users\/2"}],"replies":[{"embeddable":true,"href":"https:\/\/www.caririemacao.com\/1\/wp-json\/wp\/v2\/comments?post=37296"}],"version-history":[{"count":0,"href":"https:\/\/www.caririemacao.com\/1\/wp-json\/wp\/v2\/posts\/37296\/revisions"}],"wp:featuredmedia":[{"embeddable":true,"href":"https:\/\/www.caririemacao.com\/1\/wp-json\/wp\/v2\/media\/31065"}],"wp:attachment":[{"href":"https:\/\/www.caririemacao.com\/1\/wp-json\/wp\/v2\/media?parent=37296"}],"wp:term":[{"taxonomy":"category","embeddable":true,"href":"https:\/\/www.caririemacao.com\/1\/wp-json\/wp\/v2\/categories?post=37296"},{"taxonomy":"post_tag","embeddable":true,"href":"https:\/\/www.caririemacao.com\/1\/wp-json\/wp\/v2\/tags?post=37296"}],"curies":[{"name":"wp","href":"https:\/\/api.w.org\/{rel}","templated":true}]}}