{"id":37303,"date":"2018-01-14T11:26:29","date_gmt":"2018-01-14T14:26:29","guid":{"rendered":"http:\/\/caririemacao.com\/1\/?p=37303"},"modified":"2018-01-14T11:27:41","modified_gmt":"2018-01-14T14:27:41","slug":"37303","status":"publish","type":"post","link":"https:\/\/www.caririemacao.com\/1\/2018\/01\/14\/37303\/","title":{"rendered":"&#8216;At\u00e9 breve&#8217;, diz esposa de Shaolin ao lembrar 2 anos da morte do humorista"},"content":{"rendered":"<article>\n<div class=\"mc-column content-media content-media--normal content-photo\" data-block-type=\"backstage-photo\" data-block-id=\"0\">\n<div class=\"content-media__container\">\n<div class=\"content-media__description-centered \">\n<p class=\"content-media__description\">A esposa do ator e comediante Francisco Josenilton Veloso, o Shaolin, publicou neste domingo (14)\u00a0em seu perfil do Instagram\u00a0uma mensagem lembrando os dois anos da morte do comediante. Laudiceia Veloso postou uma foto onde ela e Shaolin aparecem abra\u00e7ados e no texto agradeceu pelos anos vividos ao lado do esposo e encerra lembrando a principal marca do trabalho de Shaolin, a alegria.<\/p>\n<\/div>\n<\/div>\n<\/div>\n<div class=\"mc-column content-text active-extra-styles \" data-block-type=\"unstyled\" data-block-weight=\"88\" data-block-id=\"3\">\n<p class=\"content-text__container \" data-track-category=\"Link no Texto\" data-track-links=\"\">&#8221; \u2018At\u00e9 breve\u2019 nem sempre significa que o reencontro acontecer\u00e1 em poucos anos, meses, dias ou horas&#8230; \u2018At\u00e9 breve\u2019 significa que sempre estaremos juntos, mesmo que n\u00e3o nos vejamos, falemos ou toquemos fisicamente, mas juntos no pensamento, na ora\u00e7\u00e3o e no cora\u00e7\u00e3o. Hoje n\u00e3o \u00e9 um dia de tristeza, \u00e9 s\u00f3 mais um dia em que recordaremos muitas alegrias, muitos shows e muitas hist\u00f3rias sobre a nossa vida e hist\u00f3rias sobre tantos amigos que nos acompanharam durante a sua passagem neste mundo. Ent\u00e3o&#8230; \u2018Sorria, Shaolin \u00e9 s\u00f3 alegria!!'&#8221;<\/p>\n<\/div>\n<div class=\"mc-column content-media content-media--normal content-photo\" data-block-type=\"backstage-photo\" data-block-id=\"4\">\n<div class=\"content-media__container\">\n<div class=\"content-media__image-centered\">\n<div class=\"progressive-img can-open-lightbox\" data-min-size=\"1008x444\" data-min-size-url=\"https:\/\/s2.glbimg.com\/jLCgVfeCE4peUcoDfA-hF4uI3eM=\/0x0:1007x444\/1008x0\/smart\/filters:strip_icc()\/i.s3.glbimg.com\/v1\/AUTH_59edd422c0c84a879bd37670ae4f538a\/internal_photos\/bs\/2018\/S\/E\/BrApzfT4iAycr1IRVMdQ\/laudiceia.jpg\" data-max-size=\"1600x705\" data-max-size-url=\"https:\/\/s2.glbimg.com\/bxb_16RPEO9fetUvkkF3DzeDehs=\/0x0:1007x444\/1600x0\/smart\/filters:strip_icc()\/i.s3.glbimg.com\/v1\/AUTH_59edd422c0c84a879bd37670ae4f538a\/internal_photos\/bs\/2018\/S\/E\/BrApzfT4iAycr1IRVMdQ\/laudiceia.jpg\" data-media-index=\"1\"><\/div>\n<\/div>\n<div class=\"content-media__description-centered \">\n<p class=\"content-media__description\">A morte do ator e comediante Francisco Josenilton Veloso, o Shaolin, completa dois anos neste domingo.\u00a0O filho do humorista, Lucas Veloso, transformou saudade em inspira\u00e7\u00e3o e leva o pai em todos os trabalhos que faz.<br \/>\n<i class=\"content-media__description__icon theme-color-primary\"><\/i><\/p>\n<\/div>\n<\/div>\n<\/div>\n<div class=\"mc-column content-text active-extra-styles \" data-block-type=\"unstyled\" data-block-weight=\"34\" data-block-id=\"6\">\n<p class=\"content-text__container \" data-track-category=\"Link no Texto\" data-track-links=\"\">Shaolin morreu aos 44 anos, em 2016,\u00a0ap\u00f3s uma parada cardiorrespirat\u00f3ria, em uma cl\u00ednica particular de Campina Grande, no Agreste da Para\u00edba. Ele recebia cuidados m\u00e9dicos em casa desde 2011, ap\u00f3s sofrer um acidente.<\/p>\n<\/div>\n<div class=\"mc-column content-text active-extra-styles \" data-block-type=\"unstyled\" data-block-weight=\"91\" data-block-id=\"9\">\n<p class=\"content-text__container \" data-track-category=\"Link no Texto\" data-track-links=\"\">Lucas, inspirado pelo pai, seguiu a carreira de ator e humorista. Os primeiros passos do menino na TV nasceram na novela Velho Chico. O ator deu asas ao improviso e fez imita\u00e7\u00f5es de Ant\u00f4nio Fagundes e Silvio Santos. Em 2017, o paraibano foi estrela de Os Trapalh\u00f5es, interpretando Didicos e contracenando com os consagrados Renato Arag\u00e3o e Ded\u00e9 Santana. Neste dia 14 de janeiro, dois anos ap\u00f3s o falecimento do pai, Lucas sobe ao palco na Para\u00edba em um evento de empreendimento imobili\u00e1rio para relembrar o pai da melhor forma: sorrindo.<\/p>\n<\/div>\n<div class=\"mc-column content-text active-extra-styles \" data-block-type=\"unstyled\" data-block-weight=\"75\" data-block-id=\"10\">\n<p class=\"content-text__container \" data-track-category=\"Link no Texto\" data-track-links=\"\">H\u00e1 dois anos, Lucas Veloso definiu bem o que a despedida de Shaolin representava para muita gente. Sempre com muita alegria, o humorista despertou em todos uma saudade irrepar\u00e1vel do riso. \u201cO que sinto agora, depois de quase 20 anos convivendo com um paiz\u00e3o maravilhoso, \u00e9 mau humor&#8221;, disse Lucas, no dia do vel\u00f3rio do pai. &#8220;A li\u00e7\u00e3o que ele deixou foi de que n\u00e3o importa a desgra\u00e7a, a gente sempre pode fazer gra\u00e7a&#8221;, lamentou.<\/p>\n<\/div>\n<div class=\"mc-column content-media content-media--normal content-photo\" data-block-type=\"backstage-photo\" data-block-id=\"11\">\n<div class=\"content-media__container\">\n<div class=\"content-media__image-centered\">\n<div class=\"progressive-img can-open-lightbox\" data-min-size=\"1008x670\" data-min-size-url=\"https:\/\/s2.glbimg.com\/6vcBQp7taguyLd3z2_5kZvQyDjs=\/0x0:640x426\/1008x0\/smart\/filters:strip_icc()\/i.s3.glbimg.com\/v1\/AUTH_59edd422c0c84a879bd37670ae4f538a\/internal_photos\/bs\/2017\/f\/j\/mBFhOTQ1C5vlwCJjBizA\/didico.jpg\" data-max-size=\"1600x1065\" data-max-size-url=\"https:\/\/s2.glbimg.com\/nY1817UBBMdrgQdrSWCegcFp1c0=\/0x0:640x426\/1600x0\/smart\/filters:strip_icc()\/i.s3.glbimg.com\/v1\/AUTH_59edd422c0c84a879bd37670ae4f538a\/internal_photos\/bs\/2017\/f\/j\/mBFhOTQ1C5vlwCJjBizA\/didico.jpg\" data-media-index=\"2\">\n<div class=\"placeholder-container\"><strong>\u00a0O acidente<\/strong><\/div>\n<\/div>\n<\/div>\n<\/div>\n<\/div>\n<div class=\"mc-column content-text active-extra-styles \" data-block-type=\"unstyled\" data-block-weight=\"55\" data-block-id=\"13\">\n<p class=\"content-text__container \" data-track-category=\"Link no Texto\" data-track-links=\"\">O acidente com Shaolin aconteceu em Campina Grande, no dia 18 de janeiro de 2011. Aos 39 anos, o humorista dirigia uma Pajero na BR-230, por volta das 23h30, quando o carro foi atingido na lateral por um caminh\u00e3o que manobrava no acostamento da estrada. O ve\u00edculo que Shaolin estava capotou e saiu da pista.<\/p>\n<p class=\"content-text__container \" data-track-category=\"Link no Texto\" data-track-links=\"\"><span style=\"font-family: inherit; font-size: inherit; font-style: inherit; font-variant-ligatures: inherit; font-variant-caps: inherit; font-weight: inherit; text-align: center;\">O ator deu entrada por volta da meia-noite no Hospital Regional de Campina Grande, e foi transferido em seguida para o Hospital Ant\u00f4nio Targino, onde foi diagnosticado um traumatismo craniano e identificado um grave ferimento no bra\u00e7o. Ele viajava para cumprir uma agenda de shows.<\/span><\/p>\n<\/div>\n<div class=\"mc-column content-text active-extra-styles \" data-block-type=\"unstyled\" data-block-weight=\"74\" data-block-id=\"16\">\n<p class=\"content-text__container \" data-track-category=\"Link no Texto\" data-track-links=\"\">O filho de Shaolin conta que no dia do acidente a fam\u00edlia recebeu uma liga\u00e7\u00e3o de um tio informando que o seu pai havia sofrido o acidente. \u201cFoi um choque de compreender. Demorou um tempo longo para todo mundo compreender que ele havia sofrido o acidente. Que ele estava impossibilitado de muita coisa. Que ele precisava de recupera\u00e7\u00e3o. Ele que precisava de ajuda, n\u00e3o era a gente que precisava da ajuda dele\u201d, disse Lucas.<\/p>\n<\/div>\n<div class=\"mc-column content-text active-extra-styles \" data-block-type=\"unstyled\" data-block-weight=\"64\" data-block-id=\"17\">\n<p class=\"content-text__container \" data-track-category=\"Link no Texto\" data-track-links=\"\">O acidente deixou Shaolin em coma. Ele interagia com a fam\u00edlia atrav\u00e9s de express\u00f5es faciais e por meio do olhar. As evolu\u00e7\u00f5es passaram por um processo longo e gradativo, mas o humorista se manteve consciente e esfor\u00e7ado para se comunicar. Em 2016, ap\u00f3s algumas complica\u00e7\u00f5es, os m\u00e9dicos detectaram um quadro de infec\u00e7\u00e3o pulmonar, que agravou para e Shaolin morreu no dia 14 de janeiro.<\/p>\n<\/div>\n<div data-track-category=\"fim do conteudo\" data-track-action=\"ultimo chunk conteudo\" data-track-noninteraction=\"false\" data-track-scroll=\"entrada completa viewport\">\n<div class=\"mc-column content-text active-extra-styles \" data-block-type=\"unstyled\" data-block-weight=\"35\" data-block-id=\"18\">\n<p class=\"content-text__container \" data-track-category=\"Link no Texto\" data-track-links=\"\">O corpo de Shaolin foi enterrado no cemit\u00e9rio Campo Santo Parque da Paz, em Campina Grande. A cerim\u00f4nia aconteceu sob aplausos e ao som da m\u00fasica &#8220;N\u00e3o aprendi dizer adeus&#8221;, da dupla Leandro e Leonardo.<\/p>\n<p><strong>CARIRI EM A\u00c7\u00c3O<\/strong><\/p>\n<p><em>Com G1 \/Foto: Reprodu\u00e7\u00e3o Interne<\/em><\/p>\n<p><strong>Leia mais not\u00edcias em\u00a0<\/strong><a href=\"http:\/\/www.caririemacao.com\/\"><strong>caririemacao.com<\/strong><\/a><strong>, siga nossa p\u00e1gina no\u00a0<\/strong><a href=\"https:\/\/www.facebook.com\/CaririEmAcao\/?ref=aymt_homepage_panel\"><strong>Facebook<\/strong><\/a>,<strong>\u00a0<\/strong><a href=\"https:\/\/www.instagram.com\/cariri_em_acao\/?hl=pt-br\"><strong>Instagram<\/strong><\/a><strong>\u00a0e <\/strong><a href=\"https:\/\/www.youtube.com\/channel\/UCAptA0jQuYQy8vMhLt2m4qg\"><strong>Youtube<\/strong><\/a><strong>\u00a0e veja nossas mat\u00e9rias, v\u00eddeos e fotos. Voc\u00ea tamb\u00e9m pode enviar informa\u00e7\u00f5es \u00e0 Reda\u00e7\u00e3o do Portal Cariri em A\u00e7\u00e3o pelo WhatsApp (83) 9 9634.5791, (83) 9 9601-1162.<\/strong><\/p>\n<\/div>\n<\/div>\n<\/article>\n<div class=\"mc-column entities\"><\/div>\n","protected":false},"excerpt":{"rendered":"<p>A esposa do ator e comediante Francisco Josenilton Veloso, o Shaolin, publicou neste domingo (14)\u00a0em seu perfil do Instagram\u00a0uma mensagem lembrando os dois anos da&hellip; <\/p>\n","protected":false},"author":2,"featured_media":37308,"comment_status":"closed","ping_status":"closed","sticky":false,"template":"","format":"standard","meta":{"sfsi_plus_gutenberg_text_before_share":"","sfsi_plus_gutenberg_show_text_before_share":"","sfsi_plus_gutenberg_icon_type":"","sfsi_plus_gutenberg_icon_alignemt":"","sfsi_plus_gutenburg_max_per_row":"","footnotes":""},"categories":[2],"tags":[],"class_list":["post-37303","post","type-post","status-publish","format-standard","has-post-thumbnail","hentry","category-geral"],"_links":{"self":[{"href":"https:\/\/www.caririemacao.com\/1\/wp-json\/wp\/v2\/posts\/37303","targetHints":{"allow":["GET"]}}],"collection":[{"href":"https:\/\/www.caririemacao.com\/1\/wp-json\/wp\/v2\/posts"}],"about":[{"href":"https:\/\/www.caririemacao.com\/1\/wp-json\/wp\/v2\/types\/post"}],"author":[{"embeddable":true,"href":"https:\/\/www.caririemacao.com\/1\/wp-json\/wp\/v2\/users\/2"}],"replies":[{"embeddable":true,"href":"https:\/\/www.caririemacao.com\/1\/wp-json\/wp\/v2\/comments?post=37303"}],"version-history":[{"count":0,"href":"https:\/\/www.caririemacao.com\/1\/wp-json\/wp\/v2\/posts\/37303\/revisions"}],"wp:featuredmedia":[{"embeddable":true,"href":"https:\/\/www.caririemacao.com\/1\/wp-json\/wp\/v2\/media\/37308"}],"wp:attachment":[{"href":"https:\/\/www.caririemacao.com\/1\/wp-json\/wp\/v2\/media?parent=37303"}],"wp:term":[{"taxonomy":"category","embeddable":true,"href":"https:\/\/www.caririemacao.com\/1\/wp-json\/wp\/v2\/categories?post=37303"},{"taxonomy":"post_tag","embeddable":true,"href":"https:\/\/www.caririemacao.com\/1\/wp-json\/wp\/v2\/tags?post=37303"}],"curies":[{"name":"wp","href":"https:\/\/api.w.org\/{rel}","templated":true}]}}