{"id":37304,"date":"2018-01-14T11:18:34","date_gmt":"2018-01-14T14:18:34","guid":{"rendered":"http:\/\/caririemacao.com\/1\/?p=37304"},"modified":"2018-01-14T11:18:34","modified_gmt":"2018-01-14T14:18:34","slug":"prefeito-adriano-wolff-participa-de-confraternizacao-de-efraim-filho","status":"publish","type":"post","link":"https:\/\/www.caririemacao.com\/1\/2018\/01\/14\/prefeito-adriano-wolff-participa-de-confraternizacao-de-efraim-filho\/","title":{"rendered":"Prefeito Adriano Wolff participa de confraterniza\u00e7\u00e3o de Efraim Filho"},"content":{"rendered":"<p>O prefeito da cidade de S\u00e3o Sebasti\u00e3o do Umbuzeiro esteve neste s\u00e1bado, dia 13, participando de uma confraterniza\u00e7\u00e3o promovida pelo deputado federal, Efraim Filho, em Cabedelo.<\/p>\n<p>Na ocasi\u00e3o, Adriano agradeceu ao parlamentar as in\u00fameras a\u00e7\u00f5es que tem destinadas ao munic\u00edpio de S\u00e3o Sebasti\u00e3o do Umbuzeiro. Al\u00e9m disso, o prefeito e v\u00e1rias lideran\u00e7as que o acompanhavam ratificaram o apoio ao deputado.<\/p>\n<p>De acordo com o prefeito Adriano, o Efraim Filho anunciou a libera\u00e7\u00e3o de recursos no valor de 420 mil reais, sendo 170 mil para a compra de uma ambul\u00e2ncia e 250 para perfura\u00e7\u00e3o e instala\u00e7\u00e3o de po\u00e7os, al\u00e9m de outros recursos j\u00e1 garantidos pelo parlamentar.<\/p>\n<p>Na oportunidade, o deputado Efraim Filho recebeu das m\u00e3os do prefeito Adriano, o Pr\u00eamio Refer\u00eancia, como um dos deputados federais mais atuantes da regi\u00e3o do Cariri Paraibano. A cerim\u00f4nia de premia\u00e7\u00e3o ocorreu em Monteiro, dia 9 de dezembro, e na ocasi\u00e3o o deputado foi representado pelo prefeito Adriano.<\/p>\n<p><strong>CARIRI EM A\u00c7\u00c3O<\/strong><\/p>\n<p><strong>Leia mais not\u00edcias em\u00a0<\/strong><a href=\"http:\/\/www.caririemacao.com\/\"><strong>caririemacao.com<\/strong><\/a><strong>, siga nossa p\u00e1gina no\u00a0<\/strong><a href=\"https:\/\/www.facebook.com\/CaririEmAcao\/?ref=aymt_homepage_panel\"><strong>Facebook<\/strong><\/a>,<strong>\u00a0<\/strong><a href=\"https:\/\/www.instagram.com\/cariri_em_acao\/?hl=pt-br\"><strong>Instagram<\/strong><\/a><strong>\u00a0e\u00a0<\/strong><a href=\"https:\/\/www.youtube.com\/channel\/UCAptA0jQuYQy8vMhLt2m4qg\"><strong>Youtube<\/strong><\/a><strong>\u00a0e veja nossas mat\u00e9rias, v\u00eddeos e fotos. Voc\u00ea tamb\u00e9m pode enviar informa\u00e7\u00f5es \u00e0 Reda\u00e7\u00e3o do Portal Cariri em A\u00e7\u00e3o pelo WhatsApp (83) 9 9634.5791, (83) 9 9601-1162.<\/strong><\/p>\n","protected":false},"excerpt":{"rendered":"<p>O prefeito da cidade de S\u00e3o Sebasti\u00e3o do Umbuzeiro esteve neste s\u00e1bado, dia 13, participando de uma confraterniza\u00e7\u00e3o promovida pelo deputado federal, Efraim Filho, em&hellip; <\/p>\n","protected":false},"author":2,"featured_media":37305,"comment_status":"closed","ping_status":"closed","sticky":false,"template":"","format":"standard","meta":{"sfsi_plus_gutenberg_text_before_share":"","sfsi_plus_gutenberg_show_text_before_share":"","sfsi_plus_gutenberg_icon_type":"","sfsi_plus_gutenberg_icon_alignemt":"","sfsi_plus_gutenburg_max_per_row":"","footnotes":""},"categories":[11],"tags":[],"class_list":["post-37304","post","type-post","status-publish","format-standard","has-post-thumbnail","hentry","category-politica"],"_links":{"self":[{"href":"https:\/\/www.caririemacao.com\/1\/wp-json\/wp\/v2\/posts\/37304","targetHints":{"allow":["GET"]}}],"collection":[{"href":"https:\/\/www.caririemacao.com\/1\/wp-json\/wp\/v2\/posts"}],"about":[{"href":"https:\/\/www.caririemacao.com\/1\/wp-json\/wp\/v2\/types\/post"}],"author":[{"embeddable":true,"href":"https:\/\/www.caririemacao.com\/1\/wp-json\/wp\/v2\/users\/2"}],"replies":[{"embeddable":true,"href":"https:\/\/www.caririemacao.com\/1\/wp-json\/wp\/v2\/comments?post=37304"}],"version-history":[{"count":0,"href":"https:\/\/www.caririemacao.com\/1\/wp-json\/wp\/v2\/posts\/37304\/revisions"}],"wp:featuredmedia":[{"embeddable":true,"href":"https:\/\/www.caririemacao.com\/1\/wp-json\/wp\/v2\/media\/37305"}],"wp:attachment":[{"href":"https:\/\/www.caririemacao.com\/1\/wp-json\/wp\/v2\/media?parent=37304"}],"wp:term":[{"taxonomy":"category","embeddable":true,"href":"https:\/\/www.caririemacao.com\/1\/wp-json\/wp\/v2\/categories?post=37304"},{"taxonomy":"post_tag","embeddable":true,"href":"https:\/\/www.caririemacao.com\/1\/wp-json\/wp\/v2\/tags?post=37304"}],"curies":[{"name":"wp","href":"https:\/\/api.w.org\/{rel}","templated":true}]}}