{"id":37311,"date":"2018-01-14T11:30:35","date_gmt":"2018-01-14T14:30:35","guid":{"rendered":"http:\/\/caririemacao.com\/1\/?p=37311"},"modified":"2018-01-14T11:33:07","modified_gmt":"2018-01-14T14:33:07","slug":"estudo-revela-que-ha-bebes-com-microcefalia-sem-visao-fala-ou-locomocao-apos-2-anos","status":"publish","type":"post","link":"https:\/\/www.caririemacao.com\/1\/2018\/01\/14\/estudo-revela-que-ha-bebes-com-microcefalia-sem-visao-fala-ou-locomocao-apos-2-anos\/","title":{"rendered":"Estudo revela que h\u00e1 beb\u00eas com microcefalia sem vis\u00e3o, fala ou locomo\u00e7\u00e3o ap\u00f3s 2 anos"},"content":{"rendered":"<p>Passados dois anos completos das primeiras crian\u00e7as nascidas com microcefalia decorrente do v\u00edrus Zika, um estudo internacional revelou que alguns deles apresentam problemas mais graves no desenvolvimento f\u00edsico e cognitivo. Entre as 19 crian\u00e7as que participaram da pesquisa, a maioria delas apresenta limita\u00e7\u00e3o na vis\u00e3o, audi\u00e7\u00e3o e no desenvolvimento motor. O estudo foi liderado pelos Centros de Controle e Preven\u00e7\u00e3o de Doen\u00e7as (CDCs) com colabora\u00e7\u00e3o da Secretaria Estadual de Sa\u00fade da Para\u00edba e Minist\u00e9rio da Sa\u00fade do Brasil.<\/p>\n<article>\n<div class=\"mc-column content-text active-extra-styles \" data-block-type=\"unstyled\" data-block-weight=\"64\" data-block-id=\"3\">\n<p class=\"content-text__container \" data-track-category=\"Link no Texto\" data-track-links=\"\">De acordo com o levantamento conclu\u00eddo no fim de dezembro de 2017, as crian\u00e7as com idades entre 19 e 24 meses nascidas com microcefalia e a evid\u00eancia de infec\u00e7\u00e3o cong\u00eanita do v\u00edrus Zika enfrentam graves problemas de sa\u00fade e desenvolvimento. Os problemas incluem dificuldade de se sentar de forma independente, dificuldades para dormir e se alimentar, convuls\u00f5es, al\u00e9m de problemas auditivos e de vis\u00e3o.<\/p>\n<\/div>\n<div class=\"mc-column content-text active-extra-styles \" data-block-type=\"unstyled\" data-block-weight=\"76\" data-block-id=\"4\">\n<p class=\"content-text__container \" data-track-category=\"Link no Texto\" data-track-links=\"\">A pesquisa foi realizada no Nordeste do Brasil, onde a Zika afetou milhares de crian\u00e7as nascidas de 2015 a 2016, atrav\u00e9s da infec\u00e7\u00e3o do v\u00edrus pela m\u00e3e. A Para\u00edba participou da pesquisa, devido \u00e0 express\u00e3o na quantidade de casos suspeitos envolvendo a microcefalia atrav\u00e9s da Zika. De acordo com os \u00faltimos dados do Minist\u00e9rio da Sa\u00fade, at\u00e9 novembro de 2017 a Para\u00edba j\u00e1 havia notificado 1.116 casos suspeitos de microcefalia relacionadas \u00e0 infec\u00e7\u00e3o pelo v\u00edrus Zika.<\/p>\n<\/div>\n<div class=\"mc-column content-text active-extra-styles \" data-block-type=\"unstyled\" data-block-weight=\"70\" data-block-id=\"5\">\n<p class=\"content-text__container \" data-track-category=\"Link no Texto\" data-track-links=\"\">&#8220;As crian\u00e7as gravemente afetadas pelo v\u00edrus Zika est\u00e3o muito longe dos marcos de desenvolvimento apropriados para a idade, e seus desafios est\u00e3o se tornando mais evidentes \u00e0 medida que envelhecem&#8221;, disse a diretora do CDC, Brenda Fitzgerald. &#8220;O acompanhamento cont\u00ednuo de todas as crian\u00e7as com exposi\u00e7\u00e3o cong\u00eanita \u00e0 Zika \u00e9 fundamental para entender o impacto total da infec\u00e7\u00e3o durante a gravidez e para apoiar essas fam\u00edlias a longo prazo&#8221;, completou.<\/p>\n<\/div>\n<div class=\"mc-column content-text active-extra-styles \" data-block-type=\"unstyled\" data-block-weight=\"35\" data-block-id=\"6\">\n<p class=\"content-text__container \" data-track-category=\"Link no Texto\" data-track-links=\"\">Os cientistas que trabalharam na pesquisa sobre o desenvolvimento em 19 beb\u00eas com microcefalia se basearam em avalia\u00e7\u00f5es cl\u00ednicas diretas, entrevistas com cuidadores e revis\u00e3o dos registros m\u00e9dicos. A pesquisa concluiu que, das 19 crian\u00e7as:<\/p>\n<\/div>\n<div class=\"content-ads content-ads--reveal\" data-block-type=\"ads\" data-block-id=\"7\"><\/div>\n<div class=\"mc-column content-text active-extra-styles\" data-block-type=\"raw\" data-block-weight=\"94\" data-block-id=\"8\">\n<ul class=\"content-unordered-list\">\n<li>11 apresentaram ind\u00edcios de poss\u00edveis desordens convulsivas;<\/li>\n<li>10 tinham problemas de sono;<\/li>\n<li>9 tiveram dificuldades de alimenta\u00e7\u00e3o, como problemas de degluti\u00e7\u00e3o;<\/li>\n<li>13 crian\u00e7as tiveram problemas de audi\u00e7\u00e3o e 11 tiveram problemas de vis\u00e3o, como n\u00e3o responder ao som de um chocalho e n\u00e3o poder seguir um objeto em movimento com os olhos;<\/li>\n<li>15 crian\u00e7as apresentaram defici\u00eancias motoras severas, incluindo incapacidade de se sentar de forma independente;<\/li>\n<li>14 crian\u00e7as tiveram pelo menos tr\u00eas desses desafios, complicando seus cuidados;<\/li>\n<li>8 j\u00e1 haviam sido hospitalizados, sendo a bronquite\/pneumonia o motivo mais comum de hospitaliza\u00e7\u00e3o (6 dos 8).<\/li>\n<\/ul>\n<\/div>\n<div data-track-category=\"fim do conteudo\" data-track-action=\"ultimo chunk conteudo\" data-track-noninteraction=\"false\" data-track-scroll=\"entrada completa viewport\">\n<div class=\"mc-column content-text active-extra-styles \" data-block-type=\"unstyled\" data-block-weight=\"74\" data-block-id=\"9\">\n<p class=\"content-text__container \" data-track-category=\"Link no Texto\" data-track-links=\"\">&#8220;\u00c0 medida que as crian\u00e7as nascidas afetadas pelo v\u00edrus Zika crescem, elas precisar\u00e3o de cuidados especializados de v\u00e1rios tipos de prestadores de cuidados de sa\u00fade e cuidadores&#8221;, disse Georgina Peacock, diretora da Divis\u00e3o de desenvolvimento humano e defici\u00eancia dos CDCs. &#8220;\u00c9 importante que usemos essas descobertas para come\u00e7ar a planejar agora o cuidado a longo prazo e permanecer vigilantes nos esfor\u00e7os de preven\u00e7\u00e3o da Zika nos Estados Unidos e em todo o mundo&#8221;, concluiu.<\/p>\n<\/div>\n<\/div>\n<\/article>\n<div class=\"mc-column entities\"><strong>CARIRI EM A\u00c7\u00c3O<\/strong><\/div>\n<div>\n<p><em>Com G1 \/Foto:<\/em>Dani Fechine\/G1<\/p>\n<p><strong>Leia mais not\u00edcias em\u00a0<\/strong><a href=\"http:\/\/www.caririemacao.com\/\"><strong>caririemacao.com<\/strong><\/a><strong>, siga nossa p\u00e1gina no\u00a0<\/strong><a href=\"https:\/\/www.facebook.com\/CaririEmAcao\/?ref=aymt_homepage_panel\"><strong>Facebook<\/strong><\/a>,<strong>\u00a0<\/strong><a href=\"https:\/\/www.instagram.com\/cariri_em_acao\/?hl=pt-br\"><strong>Instagram<\/strong><\/a><strong>\u00a0e <\/strong><a href=\"https:\/\/www.youtube.com\/channel\/UCAptA0jQuYQy8vMhLt2m4qg\"><strong>Youtube<\/strong><\/a><strong>\u00a0e veja nossas mat\u00e9rias, v\u00eddeos e fotos. Voc\u00ea tamb\u00e9m pode enviar informa\u00e7\u00f5es \u00e0 Reda\u00e7\u00e3o do Portal Cariri em A\u00e7\u00e3o pelo WhatsApp (83) 9 9634.5791, (83) 9 9601-1162.<\/strong><\/p>\n<\/div>\n","protected":false},"excerpt":{"rendered":"<p>Passados dois anos completos das primeiras crian\u00e7as nascidas com microcefalia decorrente do v\u00edrus Zika, um estudo internacional revelou que alguns deles apresentam problemas mais graves&hellip; <\/p>\n","protected":false},"author":2,"featured_media":37312,"comment_status":"closed","ping_status":"closed","sticky":false,"template":"","format":"standard","meta":{"sfsi_plus_gutenberg_text_before_share":"","sfsi_plus_gutenberg_show_text_before_share":"","sfsi_plus_gutenberg_icon_type":"","sfsi_plus_gutenberg_icon_alignemt":"","sfsi_plus_gutenburg_max_per_row":"","footnotes":""},"categories":[16],"tags":[],"class_list":["post-37311","post","type-post","status-publish","format-standard","has-post-thumbnail","hentry","category-saude"],"_links":{"self":[{"href":"https:\/\/www.caririemacao.com\/1\/wp-json\/wp\/v2\/posts\/37311","targetHints":{"allow":["GET"]}}],"collection":[{"href":"https:\/\/www.caririemacao.com\/1\/wp-json\/wp\/v2\/posts"}],"about":[{"href":"https:\/\/www.caririemacao.com\/1\/wp-json\/wp\/v2\/types\/post"}],"author":[{"embeddable":true,"href":"https:\/\/www.caririemacao.com\/1\/wp-json\/wp\/v2\/users\/2"}],"replies":[{"embeddable":true,"href":"https:\/\/www.caririemacao.com\/1\/wp-json\/wp\/v2\/comments?post=37311"}],"version-history":[{"count":0,"href":"https:\/\/www.caririemacao.com\/1\/wp-json\/wp\/v2\/posts\/37311\/revisions"}],"wp:featuredmedia":[{"embeddable":true,"href":"https:\/\/www.caririemacao.com\/1\/wp-json\/wp\/v2\/media\/37312"}],"wp:attachment":[{"href":"https:\/\/www.caririemacao.com\/1\/wp-json\/wp\/v2\/media?parent=37311"}],"wp:term":[{"taxonomy":"category","embeddable":true,"href":"https:\/\/www.caririemacao.com\/1\/wp-json\/wp\/v2\/categories?post=37311"},{"taxonomy":"post_tag","embeddable":true,"href":"https:\/\/www.caririemacao.com\/1\/wp-json\/wp\/v2\/tags?post=37311"}],"curies":[{"name":"wp","href":"https:\/\/api.w.org\/{rel}","templated":true}]}}