{"id":37318,"date":"2018-01-14T11:38:28","date_gmt":"2018-01-14T14:38:28","guid":{"rendered":"http:\/\/caririemacao.com\/1\/?p=37318"},"modified":"2018-01-14T11:38:28","modified_gmt":"2018-01-14T14:38:28","slug":"partidos-pequenos-partem-para-a-briga-com-discurso-anticorrupcao","status":"publish","type":"post","link":"https:\/\/www.caririemacao.com\/1\/2018\/01\/14\/partidos-pequenos-partem-para-a-briga-com-discurso-anticorrupcao\/","title":{"rendered":"Partidos pequenos partem para a briga com discurso anticorrup\u00e7\u00e3o"},"content":{"rendered":"<div class=\"row\">\n<div class=\"col-xs-12\">\n<div class=\"text-justify\">Iniciado o ano eleitoral, partidos paraibanos com menor representa\u00e7\u00e3o j\u00e1 se articulam para aumentar a representatividade nos munic\u00edpios paraibanos. Com um discurso focado no combate \u00e0 corrup\u00e7\u00e3o, representantes partid\u00e1rios com poucos recursos almejam marcar posi\u00e7\u00e3o no pleito desse ano. Alguns se preparam para disputar mandatos com a escolha de pr\u00e9-candidatos a deputados estaduais e federais. Outros j\u00e1 anunciaram candidatura ao Governo do Estado, como \u00e9 o caso do PSOL e a maioria negocia apoio.<\/p>\n<p>Nas duas principais cidades do Estado, Jo\u00e3o Pessoa e Campina Grande, os presidentes estaduais garantem o fortalecimento e o empenho das legendas para participar das elei\u00e7\u00f5es 2016. Eles pretendem ainda iniciar o processo de discuss\u00f5es nos munic\u00edpios para fortalecer as bases. O PSOL \u00e9 um exemplo. O partido j\u00e1 anunciou a pretens\u00e3o de disputar a vaga ao Executivo Estadual. O pr\u00e9-candidato escolhido pelo partido \u00e9 o presidente estadual da legenda, T\u00e1rcio Teixeira. A novidade esse ano \u00e9 que a sigla tem dois nomes que devem disputar a uma vaga no Senado Federal, que \u00e9 o do presidente do Sindifisco-PB Victor Hugo e o do professor Nelson J\u00fanior.<\/p>\n<p>Segundo T\u00e1rcio Teixeira, o PSOL tem representa\u00e7\u00e3o em 25 munic\u00edpios paraibanos. A executiva decidiu que para 2018 vai fazer uma lista enxuta dos candidatos a uma vaga na C\u00e2mara Federal em Bras\u00edlia. \u201cNosso objetivo \u00e9 focar na disputa ao Governo do Estado. J\u00e1 na Assembleia Legislativa, n\u00f3s queremos apresentar de 20 a 25 pr\u00e9-candidatos. Com a mudan\u00e7a no processo eleitoral de outubro disputamos independente do coeficiente eleitoral, isso torna a gente animado\u201d, disse T\u00e1rcio Teixeira. Nacionalmente a sigla tamb\u00e9m tem pretens\u00f5es de disputar a presid\u00eancia da Rep\u00fablica. O nome lan\u00e7ado foi o de Guilherme Boulos.<\/p>\n<p>Outro partido que costuma lan\u00e7ar candidatura pr\u00f3pria \u00e0 majorit\u00e1ria na Para\u00edba \u00e9 o PCO. Mas, esse ano, representantes confirmaram que n\u00e3o haver\u00e1 candidato para concorrer ao Executivo Estadual. Eles est\u00e3o analisando as possibilidades de concorrer a vagas na Assembleia Legislativa e at\u00e9 mesmo na C\u00e2mara Federal. Mesmo com vota\u00e7\u00f5es inexpressivas a legenda tem participado quase sempre do pleito, mas esse ano eles ainda n\u00e3o dialogaram o suficiente para fortalecer a sigla.<\/p>\n<p><strong>Lourdes quer cadeira na AL<\/strong><\/p>\n<p>A ex-presidente do PCO Lourdes Sarmento, que participou de quase todos os processos como candidata, disse que vai acionar a Justi\u00e7a para que seu nome seja retirado da legenda. Ela afirmou que j\u00e1 n\u00e3o est\u00e1 mais no partido, mas que mesmo assim seu nome ainda consta como filiada. Lourdes Sarmento disse que tem pretens\u00f5es de colocar seu nome para disputar uma vaga no Legislativo Estadual. Mas, por causa dos problemas com o partido, n\u00e3o sabe ainda como vai fazer.<\/p>\n<p>\u201cSe eu pudesse me candidatar sem partido, eu n\u00e3o pensaria duas vezes, pois n\u00e3o sei ainda como vou resolver esse impasse\u201d, afirmou a professora Lourdes Sarmento.<\/p>\n<p>A grande quantidade de partidos existentes no pa\u00eds exige que as legendas se esforcem para obter express\u00e3o. Em alguns casos as legendas t\u00eam tend\u00eancia a formar coliga\u00e7\u00f5es com partidos maiores. \u00c9 o caso de siglas como o PSC, PCdoB, que normalmente se op\u00f5em a lan\u00e7ar candidatos para a majorit\u00e1ria e preferem participar do pleito eleitoral formando coliga\u00e7\u00f5es com agremia\u00e7\u00f5es maiores.<\/p>\n<p>Diferente da maioria, o PSTU alegou que ainda n\u00e3o est\u00e3o focados e nem dialogando quest\u00f5es referentes \u00e0s elei\u00e7\u00f5es desse ano. De acordo com o presidente municipal, Ant\u00f4nio Radical, o PSTU n\u00e3o est\u00e1 discutindo o pleito porque o partido n\u00e3o se organizou nesse sentido. \u201cEstamos mais dispostos a discutir com os trabalhadores a luta contra a reforma do governo de Temer. Estamos chamando uma plen\u00e1ria para na pr\u00f3xima semana para debater as a\u00e7\u00f5es do Governo Federal. Essa \u00e9 a nossa meta nesse momento. Vamos para as elei\u00e7\u00f5es, mas ainda n\u00e3o sabemos como vamos nos organizar\u201d, Radical.<\/p><\/div>\n<\/div>\n<\/div>\n<div class=\"row\">\n<div><\/div>\n<div class=\"col-xs-12\"><strong>CARIRI EM A\u00c7\u00c3O<\/strong><em>Com Correio da Para\u00edba\/Foto: Reprodu\u00e7\u00e3o Internet<\/em><\/p>\n<p><strong>Leia mais not\u00edcias em\u00a0<\/strong><a href=\"http:\/\/www.caririemacao.com\/\"><strong>caririemacao.com<\/strong><\/a><strong>, siga nossa p\u00e1gina no\u00a0<\/strong><a href=\"https:\/\/www.facebook.com\/CaririEmAcao\/?ref=aymt_homepage_panel\"><strong>Facebook<\/strong><\/a>,<strong>\u00a0<\/strong><a href=\"https:\/\/www.instagram.com\/cariri_em_acao\/?hl=pt-br\"><strong>Instagram<\/strong><\/a><strong>\u00a0e <\/strong><a href=\"https:\/\/www.youtube.com\/channel\/UCAptA0jQuYQy8vMhLt2m4qg\"><strong>Youtube<\/strong><\/a><strong>\u00a0e veja nossas mat\u00e9rias, v\u00eddeos e fotos. Voc\u00ea tamb\u00e9m pode enviar informa\u00e7\u00f5es \u00e0 Reda\u00e7\u00e3o do Portal Cariri em A\u00e7\u00e3o pelo WhatsApp (83) 9 9634.5791, (83) 9 9601-1162.<\/strong><\/p>\n<\/div>\n<\/div>\n","protected":false},"excerpt":{"rendered":"<p>Iniciado o ano eleitoral, partidos paraibanos com menor representa\u00e7\u00e3o j\u00e1 se articulam para aumentar a representatividade nos munic\u00edpios paraibanos. Com um discurso focado no combate&hellip; <\/p>\n","protected":false},"author":2,"featured_media":836,"comment_status":"closed","ping_status":"closed","sticky":false,"template":"","format":"standard","meta":{"sfsi_plus_gutenberg_text_before_share":"","sfsi_plus_gutenberg_show_text_before_share":"","sfsi_plus_gutenberg_icon_type":"","sfsi_plus_gutenberg_icon_alignemt":"","sfsi_plus_gutenburg_max_per_row":"","footnotes":""},"categories":[1],"tags":[],"class_list":["post-37318","post","type-post","status-publish","format-standard","has-post-thumbnail","hentry","category-o-site"],"_links":{"self":[{"href":"https:\/\/www.caririemacao.com\/1\/wp-json\/wp\/v2\/posts\/37318","targetHints":{"allow":["GET"]}}],"collection":[{"href":"https:\/\/www.caririemacao.com\/1\/wp-json\/wp\/v2\/posts"}],"about":[{"href":"https:\/\/www.caririemacao.com\/1\/wp-json\/wp\/v2\/types\/post"}],"author":[{"embeddable":true,"href":"https:\/\/www.caririemacao.com\/1\/wp-json\/wp\/v2\/users\/2"}],"replies":[{"embeddable":true,"href":"https:\/\/www.caririemacao.com\/1\/wp-json\/wp\/v2\/comments?post=37318"}],"version-history":[{"count":0,"href":"https:\/\/www.caririemacao.com\/1\/wp-json\/wp\/v2\/posts\/37318\/revisions"}],"wp:featuredmedia":[{"embeddable":true,"href":"https:\/\/www.caririemacao.com\/1\/wp-json\/wp\/v2\/media\/836"}],"wp:attachment":[{"href":"https:\/\/www.caririemacao.com\/1\/wp-json\/wp\/v2\/media?parent=37318"}],"wp:term":[{"taxonomy":"category","embeddable":true,"href":"https:\/\/www.caririemacao.com\/1\/wp-json\/wp\/v2\/categories?post=37318"},{"taxonomy":"post_tag","embeddable":true,"href":"https:\/\/www.caririemacao.com\/1\/wp-json\/wp\/v2\/tags?post=37318"}],"curies":[{"name":"wp","href":"https:\/\/api.w.org\/{rel}","templated":true}]}}