{"id":37319,"date":"2018-01-15T07:50:54","date_gmt":"2018-01-15T10:50:54","guid":{"rendered":"http:\/\/caririemacao.com\/1\/?p=37319"},"modified":"2018-01-15T08:27:08","modified_gmt":"2018-01-15T11:27:08","slug":"ouro-velho-comemora-nesta-segunda-feira-os-seus-57-anos-de-emancipacao-politica","status":"publish","type":"post","link":"https:\/\/www.caririemacao.com\/1\/2018\/01\/15\/ouro-velho-comemora-nesta-segunda-feira-os-seus-57-anos-de-emancipacao-politica\/","title":{"rendered":"HOJE: Ouro Velho comemora 57 anos de emancipa\u00e7\u00e3o pol\u00edtica"},"content":{"rendered":"<p>A cidade de Ouro Velho, mas tamb\u00e9m conhecida como \u2018Boi Velho\u2019, localizada no Cariri Paraibano e com uma popula\u00e7\u00e3o de quase 3 mil habitantes est\u00e1 nesta segunda-feira, dia 15 de janeiro, completando 57 anos de Emancipa\u00e7\u00e3o Pol\u00edtica.<\/p>\n<p>A cidade de Ouro Velho fica localizada na divis\u00e3o com estado de Pernambuco, tradicionalmente, recebe v\u00e1rios filhos que residem em outras localidades e tamb\u00e9m in\u00fameros turistas que v\u00e3o a cidade pela hospitalidade dos seus habitantes.<\/p>\n<p><a href=\"http:\/\/caririemacao.com\/1\/wp-content\/uploads\/2018\/01\/DSC_0020-1.jpg\"><img fetchpriority=\"high\" decoding=\"async\" class=\"aligncenter wp-image-37336 size-full\" src=\"http:\/\/caririemacao.com\/1\/wp-content\/uploads\/2018\/01\/DSC_0020-1.jpg\" alt=\"\" width=\"800\" height=\"533\" srcset=\"https:\/\/www.caririemacao.com\/1\/wp-content\/uploads\/2018\/01\/DSC_0020-1.jpg 800w, https:\/\/www.caririemacao.com\/1\/wp-content\/uploads\/2018\/01\/DSC_0020-1-300x200.jpg 300w, https:\/\/www.caririemacao.com\/1\/wp-content\/uploads\/2018\/01\/DSC_0020-1-768x512.jpg 768w\" sizes=\"(max-width: 800px) 100vw, 800px\" \/><\/a><\/p>\n<p>E para recepcionar todos eles, sejam os que residem fora e aqueles que moram na cidade, a Prefeitura Municipal preparou uma vasta programa\u00e7\u00e3o festiva, incluindo inaugura\u00e7\u00f5es de obras e shows municipais.<\/p>\n<p><a href=\"http:\/\/caririemacao.com\/1\/wp-content\/uploads\/2018\/01\/DSC_0056-1.jpg\"><img decoding=\"async\" class=\"aligncenter wp-image-37337 size-full lazyload\" data-src=\"http:\/\/caririemacao.com\/1\/wp-content\/uploads\/2018\/01\/DSC_0056-1.jpg\" alt=\"\" width=\"800\" height=\"533\" data-srcset=\"https:\/\/www.caririemacao.com\/1\/wp-content\/uploads\/2018\/01\/DSC_0056-1.jpg 800w, https:\/\/www.caririemacao.com\/1\/wp-content\/uploads\/2018\/01\/DSC_0056-1-300x200.jpg 300w, https:\/\/www.caririemacao.com\/1\/wp-content\/uploads\/2018\/01\/DSC_0056-1-768x512.jpg 768w\" data-sizes=\"(max-width: 800px) 100vw, 800px\" src=\"data:image\/svg+xml;base64,PHN2ZyB3aWR0aD0iMSIgaGVpZ2h0PSIxIiB4bWxucz0iaHR0cDovL3d3dy53My5vcmcvMjAwMC9zdmciPjwvc3ZnPg==\" style=\"--smush-placeholder-width: 800px; --smush-placeholder-aspect-ratio: 800\/533;\" \/><\/a><\/p>\n<p>Na parte de inaugura\u00e7\u00f5es, a prefeita Nat\u00e1lia estar\u00e1 a partir das 20h entregando oficialmente a popula\u00e7\u00e3o o p\u00f3rtico de entrada na sa\u00edda para o munic\u00edpio de Prata, sendo este o segundo, j\u00e1 o primeiro fica na sa\u00edda para S\u00e3o Jos\u00e9 do Egito, ir\u00e1 tamb\u00e9m inaugurar a pavimenta\u00e7\u00e3o asf\u00e1ltica das principais ruas e cal\u00e7amento em paralelep\u00edpedos de diversas ruas do munic\u00edpio.<\/p>\n<p><a href=\"http:\/\/caririemacao.com\/1\/wp-content\/uploads\/2018\/01\/DSC_0001-1.jpg\"><img decoding=\"async\" class=\"aligncenter wp-image-37335 size-full lazyload\" data-src=\"http:\/\/caririemacao.com\/1\/wp-content\/uploads\/2018\/01\/DSC_0001-1.jpg\" alt=\"\" width=\"800\" height=\"533\" data-srcset=\"https:\/\/www.caririemacao.com\/1\/wp-content\/uploads\/2018\/01\/DSC_0001-1.jpg 800w, https:\/\/www.caririemacao.com\/1\/wp-content\/uploads\/2018\/01\/DSC_0001-1-300x200.jpg 300w, https:\/\/www.caririemacao.com\/1\/wp-content\/uploads\/2018\/01\/DSC_0001-1-768x512.jpg 768w\" data-sizes=\"(max-width: 800px) 100vw, 800px\" src=\"data:image\/svg+xml;base64,PHN2ZyB3aWR0aD0iMSIgaGVpZ2h0PSIxIiB4bWxucz0iaHR0cDovL3d3dy53My5vcmcvMjAwMC9zdmciPjwvc3ZnPg==\" style=\"--smush-placeholder-width: 800px; --smush-placeholder-aspect-ratio: 800\/533;\" \/><\/a><\/p>\n<p>Ainda na programa\u00e7\u00e3o, ser\u00e1 inaugurada a reforma do pr\u00e9dio da sede do Poder Executivo. J\u00e1 a noite, tamb\u00e9m haver\u00e1 shows musicais em pra\u00e7a p\u00fablica com Walkyria Santos, Forr\u00f3 Kent, Pedro Netto e Jackson Monteiro.<\/p>\n<p><a href=\"http:\/\/caririemacao.com\/1\/wp-content\/uploads\/2018\/01\/19396794_1041457225990300_3653992294400240557_n.jpg\"><img decoding=\"async\" class=\"aligncenter wp-image-37345 size-full lazyload\" data-src=\"http:\/\/caririemacao.com\/1\/wp-content\/uploads\/2018\/01\/19396794_1041457225990300_3653992294400240557_n.jpg\" alt=\"\" width=\"800\" height=\"533\" data-srcset=\"https:\/\/www.caririemacao.com\/1\/wp-content\/uploads\/2018\/01\/19396794_1041457225990300_3653992294400240557_n.jpg 800w, https:\/\/www.caririemacao.com\/1\/wp-content\/uploads\/2018\/01\/19396794_1041457225990300_3653992294400240557_n-300x200.jpg 300w, https:\/\/www.caririemacao.com\/1\/wp-content\/uploads\/2018\/01\/19396794_1041457225990300_3653992294400240557_n-768x512.jpg 768w\" data-sizes=\"(max-width: 800px) 100vw, 800px\" src=\"data:image\/svg+xml;base64,PHN2ZyB3aWR0aD0iMSIgaGVpZ2h0PSIxIiB4bWxucz0iaHR0cDovL3d3dy53My5vcmcvMjAwMC9zdmciPjwvc3ZnPg==\" style=\"--smush-placeholder-width: 800px; --smush-placeholder-aspect-ratio: 800\/533;\" \/><\/a><\/p>\n<p>Em contato com o CARIRI EM A\u00c7\u00c3O, a prefeita Nat\u00e1lia Lira, confirmou a presen\u00e7a de v\u00e1rias lideran\u00e7as pol\u00edticas estaduais, a exemplo dos senadores Raimundo Lira e C\u00e1ssio, dos prefeitos Luciano Cartaxo (Jo\u00e3o Pessoa) e Romero Rodrigues (Campina Grande) e dos deputados R\u00f4mulo Gouveia e Tovar.<\/p>\n<p><strong>CARIRI EM A\u00c7\u00c3O<\/strong><\/p>\n<p><em style=\"font-weight: inherit;\">Reda\u00e7\u00e3o e fotos\u00a0 Cariri Em A\u00e7\u00e3o<\/em><\/p>\n<p><strong style=\"font-style: inherit;\">Leia mais not\u00edcias em\u00a0<\/strong><a style=\"font-style: inherit; font-weight: inherit;\" href=\"http:\/\/www.caririemacao.com\/\"><strong style=\"font-style: inherit;\">caririemacao.com<\/strong><\/a><strong style=\"font-style: inherit;\">, siga nossa p\u00e1gina no\u00a0<\/strong><a style=\"font-style: inherit; font-weight: inherit;\" href=\"https:\/\/www.facebook.com\/CaririEmAcao\/?ref=aymt_homepage_panel\"><strong style=\"font-style: inherit;\">Facebook<\/strong><\/a>,<strong style=\"font-style: inherit;\">\u00a0<\/strong><a style=\"font-style: inherit; font-weight: inherit;\" href=\"https:\/\/www.instagram.com\/cariri_em_acao\/?hl=pt-br\"><strong style=\"font-style: inherit;\">Instagram<\/strong><\/a><strong style=\"font-style: inherit;\">\u00a0e\u00a0<\/strong><a style=\"font-style: inherit; font-weight: inherit;\" href=\"https:\/\/www.youtube.com\/channel\/UCAptA0jQuYQy8vMhLt2m4qg\"><strong style=\"font-style: inherit;\">Youtube<\/strong><\/a><strong style=\"font-style: inherit;\">\u00a0e veja nossas mat\u00e9rias, v\u00eddeos e fotos. Voc\u00ea tamb\u00e9m pode enviar informa\u00e7\u00f5es \u00e0 Reda\u00e7\u00e3o do Portal Cariri em A\u00e7\u00e3o pelo WhatsApp (83) 9 9634.5791, (83) 9 9601-1162.<\/strong><\/p>\n","protected":false},"excerpt":{"rendered":"<p>A cidade de Ouro Velho, mas tamb\u00e9m conhecida como \u2018Boi Velho\u2019, localizada no Cariri Paraibano e com uma popula\u00e7\u00e3o de quase 3 mil habitantes est\u00e1&hellip; <\/p>\n","protected":false},"author":2,"featured_media":37331,"comment_status":"closed","ping_status":"closed","sticky":false,"template":"","format":"standard","meta":{"sfsi_plus_gutenberg_text_before_share":"","sfsi_plus_gutenberg_show_text_before_share":"","sfsi_plus_gutenberg_icon_type":"","sfsi_plus_gutenberg_icon_alignemt":"","sfsi_plus_gutenburg_max_per_row":"","footnotes":""},"categories":[2],"tags":[],"class_list":["post-37319","post","type-post","status-publish","format-standard","has-post-thumbnail","hentry","category-geral"],"_links":{"self":[{"href":"https:\/\/www.caririemacao.com\/1\/wp-json\/wp\/v2\/posts\/37319","targetHints":{"allow":["GET"]}}],"collection":[{"href":"https:\/\/www.caririemacao.com\/1\/wp-json\/wp\/v2\/posts"}],"about":[{"href":"https:\/\/www.caririemacao.com\/1\/wp-json\/wp\/v2\/types\/post"}],"author":[{"embeddable":true,"href":"https:\/\/www.caririemacao.com\/1\/wp-json\/wp\/v2\/users\/2"}],"replies":[{"embeddable":true,"href":"https:\/\/www.caririemacao.com\/1\/wp-json\/wp\/v2\/comments?post=37319"}],"version-history":[{"count":0,"href":"https:\/\/www.caririemacao.com\/1\/wp-json\/wp\/v2\/posts\/37319\/revisions"}],"wp:featuredmedia":[{"embeddable":true,"href":"https:\/\/www.caririemacao.com\/1\/wp-json\/wp\/v2\/media\/37331"}],"wp:attachment":[{"href":"https:\/\/www.caririemacao.com\/1\/wp-json\/wp\/v2\/media?parent=37319"}],"wp:term":[{"taxonomy":"category","embeddable":true,"href":"https:\/\/www.caririemacao.com\/1\/wp-json\/wp\/v2\/categories?post=37319"},{"taxonomy":"post_tag","embeddable":true,"href":"https:\/\/www.caririemacao.com\/1\/wp-json\/wp\/v2\/tags?post=37319"}],"curies":[{"name":"wp","href":"https:\/\/api.w.org\/{rel}","templated":true}]}}