{"id":37322,"date":"2018-01-14T11:44:15","date_gmt":"2018-01-14T14:44:15","guid":{"rendered":"http:\/\/caririemacao.com\/1\/?p=37322"},"modified":"2018-01-14T11:44:15","modified_gmt":"2018-01-14T14:44:15","slug":"janela-vai-permitir-debandada-de-politicos","status":"publish","type":"post","link":"https:\/\/www.caririemacao.com\/1\/2018\/01\/14\/janela-vai-permitir-debandada-de-politicos\/","title":{"rendered":"\u2018Janela\u2019 vai permitir debandada de pol\u00edticos"},"content":{"rendered":"<div class=\"row\">\n<div class=\"col-xs-12\">\n<div class=\"text-justify\">Temendo perder seus mandatos, deputados e senadores paraibanos se organizam para abandonar seus partidos apenas com a abertura da \u201cjanela partid\u00e1ria\u201d, que esse ano vigora a partir do m\u00eas de mar\u00e7o. Nomes como o de Veneziano Vital do R\u00eago, Hugo Motta e Nabor Wanderley, todos do MDB, al\u00e9m de Edmilson Soares e Branco Mendes (ambos do PEN), Guilherme Almeida (PSC), In\u00e1cio Falc\u00e3o, Jo\u00e3o Henrique (DEM) e Lindolfo Pires (Pros) devem mudar de legenda no in\u00edcio de vig\u00eancia da \u201cjanela\u201d.<\/p>\n<p>Esse prazo para que o parlamentar realiza a mudan\u00e7a sem correr o risco de perder o cargo ocorre duas vezes por mandato. A primeira \u00e9 dois anos ap\u00f3s a elei\u00e7\u00e3o. A segunda come\u00e7a sete meses antes da elei\u00e7\u00e3o e dura 30 dias. Em 2018, a janela ser\u00e1 entre os meses de mar\u00e7o e abril. Pr\u00f3ximo a esse per\u00edodo, as articula\u00e7\u00f5es pol\u00edticas s\u00e3o as mais diversas. Apesar de que muitos costumam n\u00e3o afirmar as decis\u00f5es antes do tempo determinado para que possam sair sem problemas das siglas as quais est\u00e3o filiados.<\/p>\n<p>Na Assembleia Legislativa da Para\u00edba, quem aguarda ansioso a abertura das janelas partid\u00e1rias s\u00e3o os deputados Branco Mendes e Edmilson Soares. Filiados ao PEN. a mudan\u00e7a na Executiva Estadual da legenda trouxe desconforto e insatisfa\u00e7\u00e3o por parte dos parlamentares, que n\u00e3o aceitaram a troca do comando. Ambos j\u00e1 anunciaram a pretens\u00e3o de deixar a sigla, mas ainda n\u00e3o revelaram a decis\u00e3o final, pois est\u00e3o aguardando as datas certas para que possam fazer a mudan\u00e7a sem a acusa\u00e7\u00e3o de infidelidade partid\u00e1ria.<\/p>\n<p>Branco Mendes se disse surpreso com a forma como ele e Edmilson Soares foram &#8216;escanteados&#8217; da legenda. Em setembro do ano passado, o comando da sigla passou de Juracy Mendes, irm\u00e3o de Branco, para o consultor de seguran\u00e7a Julian Lemos, que tem liga\u00e7\u00e3o com o deputado Jair Bolsonaro.<\/p>\n<p>Agora, Julian Lemos assume o PSL, caso eles continuem sem espa\u00e7o v\u00e3o estudar a possibilidade de mudan\u00e7a. Branco disse que a situa\u00e7\u00e3o n\u00e3o deixou margem para uma boa conviv\u00eancia partid\u00e1ria e classificou o caso como falta de respeito. &#8220;Penso sim em procurar caminhos em termos de futuro partid\u00e1rio, se for necess\u00e1rio\u201d, afirmou. O mesmo aconteceu com Edmilson Soares. Eles revelaram ter recebido v\u00e1rios convites para se filiar a outras legendas, mas pretendem estudar o cen\u00e1rio pol\u00edtico para definir o futuro. Por enquanto a legenda est\u00e1 sem comando na Para\u00edba.<\/p>\n<p>Pelo menos oito dos 36 deputados se envolveram em negocia\u00e7\u00f5es para mudar a filia\u00e7\u00e3o. Eles precisam do apoio das legendas para disputar as elei\u00e7\u00f5es de 2018 e muitas dessas articula\u00e7\u00f5es para excluir filiados visam o interesse no pleito estadual. O deputado licenciado Lindolfo Pires \u00e9 outro que deve mudar de legenda. Ele garantiu que n\u00e3o vai permanecer filiado ao Pros, mas vai esperar a janela partid\u00e1ria para pedir a desfilia\u00e7\u00e3o, tamb\u00e9m com medo de perder o mandato.<\/p>\n<p><strong>Foram pegos de surpresa<\/strong><\/p>\n<p>O comando do Pros na Para\u00edba passou para as m\u00e3os do empres\u00e1rio Andr\u00e9 Amaral, pai do deputado federal Andr\u00e9 Amaral, do MDB, aliado do presidente Michel Temer. A decis\u00e3o de sa\u00edda \u00e9 definitiva, segundo Lindolfo Pires. \u201cEu n\u00e3o fui reconhecido pelo que a gente comandou nos dois anos passados. Ainda n\u00e3o sei qual legenda vou escolher, mas vou esperar o limite m\u00e1ximo para poder trocar\u201d, justificou. Tr\u00f3colli Junior tamb\u00e9m foi pego de surpresa, mas admitiu que permanece na sigla.<\/p>\n<p>Outro caso de insatisfa\u00e7\u00e3o \u00e9 de Jo\u00e3o Henrique. O parlamentar, que atua na Casa Legislativa fazendo oposi\u00e7\u00e3o para o governador do Estado, Ricardo Coutinho (PSB), \u00e9 filiado ao Democrata, que atua na Para\u00edba como grande aliado do gestor. As diverg\u00eancias causaram a insatisfa\u00e7\u00e3o do deputado, que reconhece que n\u00e3o h\u00e1 mais condi\u00e7\u00f5es de permanecer na sigla.<\/p>\n<p>\u201cO povo me elegeu para fazer oposi\u00e7\u00e3o ao Governo, por isso n\u00e3o tenho condi\u00e7\u00f5es de permanecer no partido\u201d, alegou. Segundo o parlamentar, ele j\u00e1 teria, inclusive, sido convidado a deixar a legenda. Apesar da insatisfa\u00e7\u00e3o, o deputado deve permanecer no partido e aguardar o melhor momento para concretizar sua sa\u00edda. \u201cNesse momento n\u00e3o posso deixar o partido, tenho que permanecer, mesmo que for\u00e7osamente, mas recebi v\u00e1rios convites para me filiar a outras legendas, assim como j\u00e1 recebi convite para desocupar o partido tamb\u00e9m\u201d, comentou Jo\u00e3o Henrique.<\/p>\n<p>Outro que j\u00e1 decidiu o seu futuro pol\u00edtico foi o Guilherme Almeida (PSC). O deputado admitiu que vai mudar de legenda no in\u00edcio desse ano com a finalidade de facilitar a sua participa\u00e7\u00e3o na disputa. Diferentemente dos colegas, ele pretende abandonar a atual sigla sem nenhuma desaven\u00e7a com a Executiva do PSC. O parlamentar j\u00e1 tem a escolha definida e vai se filiar ao Solidariedade. Ele afirmou ainda que h\u00e1 possibilidades de disputar uma vaga na C\u00e2mara Federal. Guilherme Almeida \u00e9 suplente e assumiu a cadeira no Legislativo Estadual, que era ocupada por Manoel Ludg\u00e9rio.<\/p>\n<p>O caso mais emblem\u00e1tico foi o do deputado In\u00e1cio Falc\u00e3o. O parlamentar, segundo ele mesmo, foi v\u00edtima de uma &#8216;rasteira partid\u00e1ria&#8217;. No fim do ano passado, ele foi surpreendido com a decis\u00e3o do Diret\u00f3rio Estadual do Avante em expuls\u00e1-lo da legenda. A expuls\u00e3o dele foi oficializada e o parlamentar est\u00e1 em busca de uma nova filia\u00e7\u00e3o. Ele deve esperar a &#8220;janela partid\u00e1ria&#8221; para definir um novo partido.<\/p>\n<p>O presidente estadual do Avante, Genival Matias, afirmou na \u00e9poca, que o relacionamento de In\u00e1cio Falc\u00e3o n\u00e3o era bom com a executiva em virtude de diverg\u00eancias relacionadas ao estatuto da agremia\u00e7\u00e3o. Ele foi acusado por inadimpl\u00eancia com a legenda. O deputado chegou a procurar &#8216;abrigo&#8217; no PPS.<\/p>\n<p><strong>Maior migra\u00e7\u00e3o no MDB<\/strong><\/p>\n<p>Insatisfeitos com o comando e as decis\u00f5es do partido, os deputados Veneziano Vital do R\u00eago, Hugo Motta e Nabor Wanderley n\u00e3o descartam a possibilidade de deixar o MDB durante o per\u00edodo de abertura da &#8220;janela partid\u00e1ria&#8221;. O grupo tem trabalhado pela alian\u00e7a da sigla com o PSB, do governador Ricardo Coutinho. Mas, a divis\u00e3o na legenda, pois parte ap\u00f3ia o grupo de oposi\u00e7\u00e3o que tem o PSD e PSDB como aliados, e a outra parte est\u00e1 lutando pela candidatura pr\u00f3pria do partido, como o senador Jos\u00e9 Maranh\u00e3o (MDB) na &#8216;cabe\u00e7a de chapa.<\/p>\n<p>Veneziano Vital do R\u00eago j\u00e1 negocia, inclusive com o governador, a possibilidade de fazer parte da chapa majorit\u00e1ria, no projeto do PSB. De acordo com o deputado, a chapa que ser\u00e1 encabe\u00e7ada pelo secret\u00e1rio do Estado de Recursos H\u00eddricos, Jo\u00e3o Azevedo (PSB), e poder\u00e1 ter seu nome como candidato a senador. Por\u00e9m, a sua sa\u00edda do MDB s\u00f3 deve acontecer no m\u00eas de abril, caso a articula\u00e7\u00e3o pol\u00edtica se defina. J\u00e1 Nabor Wanderley e Hugo Motta devem aguardar as defini\u00e7\u00f5es da Executiva Estadual do MDB sobre as elei\u00e7\u00f5es para que tomem qualquer decis\u00e3o sobre uma poss\u00edvel mudan\u00e7a de partido.<\/p><\/div>\n<\/div>\n<\/div>\n<div class=\"row\">\n<div><\/div>\n<div class=\"col-xs-12\"><strong>CARIRI EM A\u00c7\u00c3O<\/strong><\/div>\n<div>\n<p><em>Com Correio da Para\u00edba\u00a0\/Foto: Reprodu\u00e7\u00e3o Internet<\/em><\/p>\n<p><strong>Leia mais not\u00edcias em\u00a0<\/strong><a href=\"http:\/\/www.caririemacao.com\/\"><strong>caririemacao.com<\/strong><\/a><strong>, siga nossa p\u00e1gina no\u00a0<\/strong><a href=\"https:\/\/www.facebook.com\/CaririEmAcao\/?ref=aymt_homepage_panel\"><strong>Facebook<\/strong><\/a>,<strong>\u00a0<\/strong><a href=\"https:\/\/www.instagram.com\/cariri_em_acao\/?hl=pt-br\"><strong>Instagram<\/strong><\/a><strong>\u00a0e <\/strong><a href=\"https:\/\/www.youtube.com\/channel\/UCAptA0jQuYQy8vMhLt2m4qg\"><strong>Youtube<\/strong><\/a><strong>\u00a0e veja nossas mat\u00e9rias, v\u00eddeos e fotos. Voc\u00ea tamb\u00e9m pode enviar informa\u00e7\u00f5es \u00e0 Reda\u00e7\u00e3o do Portal Cariri em A\u00e7\u00e3o pelo WhatsApp (83) 9 9634.5791, (83) 9 9601-1162.<\/strong><\/p>\n<\/div>\n<\/div>\n","protected":false},"excerpt":{"rendered":"<p>Temendo perder seus mandatos, deputados e senadores paraibanos se organizam para abandonar seus partidos apenas com a abertura da \u201cjanela partid\u00e1ria\u201d, que esse ano vigora&hellip; <\/p>\n","protected":false},"author":2,"featured_media":37323,"comment_status":"closed","ping_status":"closed","sticky":false,"template":"","format":"standard","meta":{"sfsi_plus_gutenberg_text_before_share":"","sfsi_plus_gutenberg_show_text_before_share":"","sfsi_plus_gutenberg_icon_type":"","sfsi_plus_gutenberg_icon_alignemt":"","sfsi_plus_gutenburg_max_per_row":"","footnotes":""},"categories":[11],"tags":[],"class_list":["post-37322","post","type-post","status-publish","format-standard","has-post-thumbnail","hentry","category-politica"],"_links":{"self":[{"href":"https:\/\/www.caririemacao.com\/1\/wp-json\/wp\/v2\/posts\/37322","targetHints":{"allow":["GET"]}}],"collection":[{"href":"https:\/\/www.caririemacao.com\/1\/wp-json\/wp\/v2\/posts"}],"about":[{"href":"https:\/\/www.caririemacao.com\/1\/wp-json\/wp\/v2\/types\/post"}],"author":[{"embeddable":true,"href":"https:\/\/www.caririemacao.com\/1\/wp-json\/wp\/v2\/users\/2"}],"replies":[{"embeddable":true,"href":"https:\/\/www.caririemacao.com\/1\/wp-json\/wp\/v2\/comments?post=37322"}],"version-history":[{"count":0,"href":"https:\/\/www.caririemacao.com\/1\/wp-json\/wp\/v2\/posts\/37322\/revisions"}],"wp:featuredmedia":[{"embeddable":true,"href":"https:\/\/www.caririemacao.com\/1\/wp-json\/wp\/v2\/media\/37323"}],"wp:attachment":[{"href":"https:\/\/www.caririemacao.com\/1\/wp-json\/wp\/v2\/media?parent=37322"}],"wp:term":[{"taxonomy":"category","embeddable":true,"href":"https:\/\/www.caririemacao.com\/1\/wp-json\/wp\/v2\/categories?post=37322"},{"taxonomy":"post_tag","embeddable":true,"href":"https:\/\/www.caririemacao.com\/1\/wp-json\/wp\/v2\/tags?post=37322"}],"curies":[{"name":"wp","href":"https:\/\/api.w.org\/{rel}","templated":true}]}}