{"id":37325,"date":"2018-01-14T11:51:06","date_gmt":"2018-01-14T14:51:06","guid":{"rendered":"http:\/\/caririemacao.com\/1\/?p=37325"},"modified":"2018-01-14T11:51:06","modified_gmt":"2018-01-14T14:51:06","slug":"ferias-no-tatame-paraibanas-usam-descanso-para-intensificar-treinos","status":"publish","type":"post","link":"https:\/\/www.caririemacao.com\/1\/2018\/01\/14\/ferias-no-tatame-paraibanas-usam-descanso-para-intensificar-treinos\/","title":{"rendered":"F\u00c9RIAS NO TATAME: Paraibanas usam descanso para intensificar treinos"},"content":{"rendered":"<p>Nos tatames da Vila Ol\u00edmpica Parahyba, em Jo\u00e3o Pessoa, duas das maiores feras da hist\u00f3ria das lutas do esporte paraibano, Amanda Cavalcanti e Luana Pinheiro se reecontraram para mais uma noite de treino. Foi l\u00e1 que sofreram os primeiros golpes, aplicaram outros, ca\u00edram e souberam se levantar&#8230; Um verdadeiro aprendizado! Em suma, tudo aquilo serviu de li\u00e7\u00e3o, mas nada que fuja a cartilha comportamental e de disciplina t\u00edpicas do esporte ol\u00edmpico.<\/p>\n<p>Ao longo do tempo, as atletas enxergaram que o potencial no esporte estava sendo desperdi\u00e7ado e que precisariam evoluir, j\u00e1 que o complexo esportivo do estado e a regi\u00e3o n\u00e3o oferecia investimento constante na modalidade. Logo cedo foi morar fora, em Belo Horizonte, l\u00e1 treinou na equipe do Minas Clube e em 2016, mesmo com todo suporte da equipe e os ensinamentos da arte marcial, a paraibana resolveu trocar de esporte e migrou para as artes marciais mistas, conhecida pela sigla MMA &#8211; mixed martial arts.<\/p>\n<p>\u201cN\u00e3o me arrependo de deixar o jud\u00f4 e encontrei um novo amor, posso assim dizer. Preciso buscar mais vit\u00f3rias para puder lutar num evento maior, e acho que chega um certo ponto da vida que a gente precisa correr atr\u00e1s de novos horizontes para evoluir e isso, eu n\u00e3o me arrependo. Foi a melhor coisa que eu fiz!\u201d, explicou.<\/p>\n<p>Expectativa. No novo desafio, Luana luta pela organiza\u00e7\u00e3o BH Rhinos, uma esp\u00e9cie de est\u00e1gio para as grandes marcas, tipo UFC. Sonho de consumo para qualquer lutador de MMA. At\u00e9 aqui, ela subiu no oct\u00f3gono quatro vezes. Com um cartel de tr\u00eas vit\u00f3rias e uma derrota, ela cr\u00ea numa temporada mais vitoriosa e mesmo durante a folga, segue treinando. Ela pretende fazer mais duas ou tr\u00eas lutas at\u00e9 o meio do ano.<\/p>\n<p>\u201cEspero que 2018 seja um ano de conquistas e muitas vit\u00f3rias. Preciso vencer mais para poder lutar em eventos maiores. Em mar\u00e7o eu tenho mais um confronto mesmo ainda sem saber minha advers\u00e1ria, mas no momento que estou, quanto mais lutar eu fizer vai ser melhor, pois tenho que aumentar meu curr\u00edculo e quem sabe chegar no topo do MMA mundial\u201d, pontuou.<\/p>\n<p><strong>Amanda segue na luta por uma vaga para as Olimp\u00edadas 2020<\/strong><\/p>\n<p>Aos 29 anos e com uma hist\u00f3ria semelhante a da sua compatriota, Amanda saiu da Para\u00edba aos 17 anos de idade para tentar uma melhor oportunidade no esporte. Ela vive hoje sua melhor fase, pois conquistou \u00e0 pouco tempo uma vaga para integrar a Sele\u00e7\u00e3o Brasileira e participar de uma bateria de treinamentos do time Brasil, entre os dias 22 e 28, no Centro de Treinamento de Pindamonhangaba, preparat\u00f3rio para o calend\u00e1rio internacional. O desejo \u00e9 seguir no ciclo ol\u00edmpico para T\u00f3quio 2020.<\/p>\n<p>\u201cAntes mesmo de sair da Para\u00edba conquistei alguns t\u00edtulos nas categorias de base e agora a seletiva nacional, sendo campe\u00e3 na \u00faltima etapa\u201d, disse.<\/p>\n<p>Bom, voc\u00ea n\u00e3o leu errado. Dois bons exemplos que precisaram buscar novos rumos na carreira, para conquistarem mais oportunidades. O Brasil \u00e9 verdadeiro celeiro para as categorias de base e refer\u00eancia em revelar excelentes competidores, seja qual for a modalidade. Mas o aporte maior, historicamente tem se restringido ao eixo sul-sudeste, com estrutura de ponta e maiores eventos.<\/p>\n<p>\u201cTive que sair para buscar mais volume de treino porque infelizmente aqui n\u00e3o se tem muito investimento e n\u00e3o tem como voc\u00ea manter um regularidade forte de treinos. Isso eu encontrei em S\u00e3o Paulo, onde se eu consigo me dedicar com exclusividade ao esporte\u201d, relatou Amanda.<\/p>\n<p>Se quiser se manter no topo, Amanda vai iniciar nova temporada determinada em aumentar a cole\u00e7\u00e3o de conquistas, pois desde cedo, derrotou todas as oponentes da regi\u00e3o, mesmo alguns sendo mais graduados. J\u00e1 Luana, se espelha no exemplo da fam\u00edlia, que transmite a luta de gera\u00e7\u00e3o em gera\u00e7\u00e3o, inclusive tendo o pai, Ayrton Pinheiro, seu primeiro t\u00e9cnico, a lutadora est\u00e1 disposta a evoluir e crescer cada dia mais na \u2018nova paix\u00e3o\u2019.<\/p>\n<p><strong>CARIRI EM A\u00c7\u00c3O<\/strong><\/p>\n<p><em>Com JC da Para\u00edba\u00a0\/Foto:Reprodu\u00e7\u00e3o Internet<\/em><\/p>\n<p><strong>Leia mais not\u00edcias em\u00a0<\/strong><a href=\"http:\/\/www.caririemacao.com\/\"><strong>caririemacao.com<\/strong><\/a><strong>, siga nossa p\u00e1gina no\u00a0<\/strong><a href=\"https:\/\/www.facebook.com\/CaririEmAcao\/?ref=aymt_homepage_panel\"><strong>Facebook<\/strong><\/a>,<strong>\u00a0<\/strong><a href=\"https:\/\/www.instagram.com\/cariri_em_acao\/?hl=pt-br\"><strong>Instagram<\/strong><\/a><strong>\u00a0e <\/strong><a href=\"https:\/\/www.youtube.com\/channel\/UCAptA0jQuYQy8vMhLt2m4qg\"><strong>Youtube<\/strong><\/a><strong>\u00a0e veja nossas mat\u00e9rias, v\u00eddeos e fotos. Voc\u00ea tamb\u00e9m pode enviar informa\u00e7\u00f5es \u00e0 Reda\u00e7\u00e3o do Portal Cariri em A\u00e7\u00e3o pelo WhatsApp (83) 9 9634.5791, (83) 9 9601-1162.<\/strong><\/p>\n","protected":false},"excerpt":{"rendered":"<p>Nos tatames da Vila Ol\u00edmpica Parahyba, em Jo\u00e3o Pessoa, duas das maiores feras da hist\u00f3ria das lutas do esporte paraibano, Amanda Cavalcanti e Luana Pinheiro&hellip; <\/p>\n","protected":false},"author":2,"featured_media":37327,"comment_status":"closed","ping_status":"closed","sticky":false,"template":"","format":"standard","meta":{"sfsi_plus_gutenberg_text_before_share":"","sfsi_plus_gutenberg_show_text_before_share":"","sfsi_plus_gutenberg_icon_type":"","sfsi_plus_gutenberg_icon_alignemt":"","sfsi_plus_gutenburg_max_per_row":"","footnotes":""},"categories":[13],"tags":[],"class_list":["post-37325","post","type-post","status-publish","format-standard","has-post-thumbnail","hentry","category-esportes"],"_links":{"self":[{"href":"https:\/\/www.caririemacao.com\/1\/wp-json\/wp\/v2\/posts\/37325","targetHints":{"allow":["GET"]}}],"collection":[{"href":"https:\/\/www.caririemacao.com\/1\/wp-json\/wp\/v2\/posts"}],"about":[{"href":"https:\/\/www.caririemacao.com\/1\/wp-json\/wp\/v2\/types\/post"}],"author":[{"embeddable":true,"href":"https:\/\/www.caririemacao.com\/1\/wp-json\/wp\/v2\/users\/2"}],"replies":[{"embeddable":true,"href":"https:\/\/www.caririemacao.com\/1\/wp-json\/wp\/v2\/comments?post=37325"}],"version-history":[{"count":0,"href":"https:\/\/www.caririemacao.com\/1\/wp-json\/wp\/v2\/posts\/37325\/revisions"}],"wp:featuredmedia":[{"embeddable":true,"href":"https:\/\/www.caririemacao.com\/1\/wp-json\/wp\/v2\/media\/37327"}],"wp:attachment":[{"href":"https:\/\/www.caririemacao.com\/1\/wp-json\/wp\/v2\/media?parent=37325"}],"wp:term":[{"taxonomy":"category","embeddable":true,"href":"https:\/\/www.caririemacao.com\/1\/wp-json\/wp\/v2\/categories?post=37325"},{"taxonomy":"post_tag","embeddable":true,"href":"https:\/\/www.caririemacao.com\/1\/wp-json\/wp\/v2\/tags?post=37325"}],"curies":[{"name":"wp","href":"https:\/\/api.w.org\/{rel}","templated":true}]}}