{"id":37329,"date":"2018-01-14T11:54:55","date_gmt":"2018-01-14T14:54:55","guid":{"rendered":"http:\/\/caririemacao.com\/1\/?p=37329"},"modified":"2018-01-14T11:54:55","modified_gmt":"2018-01-14T14:54:55","slug":"presidente-do-trf4-alerta-stf-sobre-ameacas","status":"publish","type":"post","link":"https:\/\/www.caririemacao.com\/1\/2018\/01\/14\/presidente-do-trf4-alerta-stf-sobre-ameacas\/","title":{"rendered":"Presidente do TRF4 alerta STF sobre amea\u00e7as"},"content":{"rendered":"<p>O presidente do\u00a0Tribunal Regional Federal da 4\u00aa Regi\u00e3o, Thompson Flores, encaminhou of\u00edcio \u00e0 presidente do\u00a0Supremo Tribunal Federal, C\u00e1rmen L\u00facia, e \u00e0 Procuradoria Geral da Rep\u00fablica, relatando que desembargadores da Corte t\u00eam recebido amea\u00e7as. Ele tamb\u00e9m relatou o ocorrido a deputados petistas durante reuni\u00e3o nesta sexta-feira. O\u00a0TRF4\u00a0vai julgar os recursos de\u00a0Lula, condenado pelo juiz\u00a0Sergio Moro\u00a0a uma pena de 9 anos e seis meses de pris\u00e3o, e de outros seis r\u00e9us no processo do famoso tr\u00edplex do Guaruj\u00e1.<\/p>\n<p>Thompson ter\u00e1 encontro com a presidente do Supremo Tribunal Federal (STF), ministra C\u00e1rmen L\u00facia, nesta segunda-feira, 15, \u00e0s 10h. As amea\u00e7as que a Corte tem recebido est\u00e3o entre os assuntos da reuni\u00e3o.<\/p>\n<p>O presidente do TRF4 j\u00e1 havia relatado as intimida\u00e7\u00f5es que magistrados t\u00eam sofrido em reuni\u00e3o com deputados petistas, nesta sexta-feira, 12. Os parlamentares trataram de quest\u00f5es de seguran\u00e7a relacionadas \u00e0s manifesta\u00e7\u00f5es que o partido convoca a favor do ex-presidente.<\/p>\n<p>\u201cOs senhores representam parcela da sociedade como membros do Poder Legislativo. Aceitamos prontamente a colabora\u00e7\u00e3o para assegurarmos a seguran\u00e7a de todos os envolvidos no julgamento do dia 24 e, tamb\u00e9m, pedimos que divulguem a mensagem por manifesta\u00e7\u00f5es pac\u00edficas\u201d, afirmou Flores, aos deputados.<\/p>\n<p>O ex-presidente ter\u00e1 seu recurso julgado pelos desembargadores da 8\u00aa Turma do TRF4 no pr\u00f3ximo dia 24. O julgamento \u00e9 cercado de grandes expectativas. Porto Alegre poder\u00e1 receber muitos manifestantes.<\/p>\n<p>Durante a reuni\u00e3o, o deputado Paulo Pimenta (PT) afirmou que o grupo que se reuniu com Flores representa \u2018165 deputados do PT no pa\u00eds\u2019. \u201cEstamos trabalhando para que tudo transcorra dentro das normas da Constitui\u00e7\u00e3o Federal e das garantias individuais\u201d, afirmou.<\/p>\n<p>Pimenta entregou ao desembargador um of\u00edcio pedindo para que o tribunal \u2018viabilize um espa\u00e7o destinado \u00e0s autoridades para que assistam ao julgamento, no tribunal, via tel\u00e3o, j\u00e1 que a sala de sess\u00e3o ser\u00e1 somente para advogados e partes. O presidente garantiu que o pedido ser\u00e1 atendido.<\/p>\n<p>Tamb\u00e9m participaram da reuni\u00e3o os deputados federais Marco Maia e Maria do Ros\u00e1rio e os estaduais Edegar Pretto, presidente da Assembleia Legislativa do Rio Grande do Sul, Stela Farias, l\u00edder da bancada estadual do PT no legislativo estadual, Tarcisio Zimmermann, al\u00e9m do advogado Ricardo Zamora.<\/p>\n<p>\u201cO que n\u00f3s fazemos aqui \u00e9 ser parte da resist\u00eancia que a popula\u00e7\u00e3o brasileira est\u00e1 compondo com trabalhadores e trabalhadoras j\u00e1 que est\u00e1 muito claro que n\u00e3o existem provas neste processo contra Lula e que a condena\u00e7\u00e3o dele pelo juiz Moro foi uma decis\u00e3o pol\u00edtica\u201d, afirmou Maria do Ros\u00e1rio, ap\u00f3s deixar o encontro.<\/p>\n<p>Para a parlamentar, \u00e9 preciso ter \u2018confian\u00e7a\u2019 de que \u2018o que est\u00e1 escrito no processo, se for lido, de fato pelos desembargadores, pelos que s\u00e3o respons\u00e1veis pelo julgamento, vai nos levar a um \u00fanico resultado: absolver o presidente Lula.<\/p>\n<p>\u201cPorque n\u00e3o h\u00e1 nada sobre esse tr\u00edplex que justifique\u2026 n\u00e3o h\u00e1 nada contra o presidente Lula que justifique uma interfer\u00eancia no processo eleitoral s\u00f3 para retirar Lula nas elei\u00e7\u00f5es\u201d.<\/p>\n<p>A Justi\u00e7a chegou a proibir acampamento do MST em frente \u00e0 Corte at\u00e9 tr\u00eas dias depois na regi\u00e3o do Parque da Harmonia, aonde fica a Corte.<\/p>\n<p>A Justi\u00e7a Federal, no entanto, informou que n\u00e3o foram proibidas manifesta\u00e7\u00f5es nas proximidades do TRF4. \u201cA determina\u00e7\u00e3o judicial \u00e9 para controlar o acesso de modo a assegurar a normalidade do tr\u00e2nsito de pessoas e ve\u00edculos no entorno do Tribunal, garantido o direito de manifesta\u00e7\u00e3o no Parque da Harmonia\u201d, destacou a Justi\u00e7a, em nota.<\/p>\n<p><strong>CARIRI EM A\u00c7\u00c3O<\/strong><\/p>\n<p><em>Com VEJA\/Foto: Reprodu\u00e7\u00e3o Internet<\/em><\/p>\n<p><strong>Leia mais not\u00edcias em\u00a0<\/strong><a href=\"http:\/\/www.caririemacao.com\/\"><strong>caririemacao.com<\/strong><\/a><strong>, siga nossa p\u00e1gina no\u00a0<\/strong><a href=\"https:\/\/www.facebook.com\/CaririEmAcao\/?ref=aymt_homepage_panel\"><strong>Facebook<\/strong><\/a>,<strong>\u00a0<\/strong><a href=\"https:\/\/www.instagram.com\/cariri_em_acao\/?hl=pt-br\"><strong>Instagram<\/strong><\/a><strong>\u00a0e <\/strong><a href=\"https:\/\/www.youtube.com\/channel\/UCAptA0jQuYQy8vMhLt2m4qg\"><strong>Youtube<\/strong><\/a><strong>\u00a0e veja nossas mat\u00e9rias, v\u00eddeos e fotos. Voc\u00ea tamb\u00e9m pode enviar informa\u00e7\u00f5es \u00e0 Reda\u00e7\u00e3o do Portal Cariri em A\u00e7\u00e3o pelo WhatsApp (83) 9 9634.5791, (83) 9 9601-1162.<\/strong><\/p>\n","protected":false},"excerpt":{"rendered":"<p>O presidente do\u00a0Tribunal Regional Federal da 4\u00aa Regi\u00e3o, Thompson Flores, encaminhou of\u00edcio \u00e0 presidente do\u00a0Supremo Tribunal Federal, C\u00e1rmen L\u00facia, e \u00e0 Procuradoria Geral da Rep\u00fablica,&hellip; <\/p>\n","protected":false},"author":2,"featured_media":33934,"comment_status":"closed","ping_status":"closed","sticky":false,"template":"","format":"standard","meta":{"sfsi_plus_gutenberg_text_before_share":"","sfsi_plus_gutenberg_show_text_before_share":"","sfsi_plus_gutenberg_icon_type":"","sfsi_plus_gutenberg_icon_alignemt":"","sfsi_plus_gutenburg_max_per_row":"","footnotes":""},"categories":[11],"tags":[],"class_list":["post-37329","post","type-post","status-publish","format-standard","has-post-thumbnail","hentry","category-politica"],"_links":{"self":[{"href":"https:\/\/www.caririemacao.com\/1\/wp-json\/wp\/v2\/posts\/37329","targetHints":{"allow":["GET"]}}],"collection":[{"href":"https:\/\/www.caririemacao.com\/1\/wp-json\/wp\/v2\/posts"}],"about":[{"href":"https:\/\/www.caririemacao.com\/1\/wp-json\/wp\/v2\/types\/post"}],"author":[{"embeddable":true,"href":"https:\/\/www.caririemacao.com\/1\/wp-json\/wp\/v2\/users\/2"}],"replies":[{"embeddable":true,"href":"https:\/\/www.caririemacao.com\/1\/wp-json\/wp\/v2\/comments?post=37329"}],"version-history":[{"count":0,"href":"https:\/\/www.caririemacao.com\/1\/wp-json\/wp\/v2\/posts\/37329\/revisions"}],"wp:featuredmedia":[{"embeddable":true,"href":"https:\/\/www.caririemacao.com\/1\/wp-json\/wp\/v2\/media\/33934"}],"wp:attachment":[{"href":"https:\/\/www.caririemacao.com\/1\/wp-json\/wp\/v2\/media?parent=37329"}],"wp:term":[{"taxonomy":"category","embeddable":true,"href":"https:\/\/www.caririemacao.com\/1\/wp-json\/wp\/v2\/categories?post=37329"},{"taxonomy":"post_tag","embeddable":true,"href":"https:\/\/www.caririemacao.com\/1\/wp-json\/wp\/v2\/tags?post=37329"}],"curies":[{"name":"wp","href":"https:\/\/api.w.org\/{rel}","templated":true}]}}