{"id":37338,"date":"2018-01-14T12:07:03","date_gmt":"2018-01-14T15:07:03","guid":{"rendered":"http:\/\/caririemacao.com\/1\/?p=37338"},"modified":"2018-01-14T12:07:03","modified_gmt":"2018-01-14T15:07:03","slug":"camara-gasta-mais-com-voo-eleitoral-de-bolsonaro","status":"publish","type":"post","link":"https:\/\/www.caririemacao.com\/1\/2018\/01\/14\/camara-gasta-mais-com-voo-eleitoral-de-bolsonaro\/","title":{"rendered":"C\u00e2mara gasta mais com \u2018voo\u2019 eleitoral de Bolsonaro"},"content":{"rendered":"<p>O deputado federal Jair Bolsonaro (PSC-RJ) viajou para Campina Grande, segundo maior col\u00e9gio eleitoral da Para\u00edba, para dar palestras, falar com eleitores em pra\u00e7as e conceder entrevistas para r\u00e1dios locais em 8 de fevereiro do ano passado. \u201cHoje estou perdendo a sess\u00e3o em Bras\u00edlia. Gostaria de estar l\u00e1, mas para quem tem pretens\u00f5es outras tem de estar muito bem preparado para aquele momento em 2018. Vale a pena tudo isso a\u00ed\u201d, afirmou em entrevista \u00e0 \u00e9poca. A ve\u00edculos de imprensa paraibanos, apresentou a meta de fazer duas viagens para fora da capital federal por m\u00eas: promessa cumprida.<\/p>\n<p>Em campanha aberta para a Presid\u00eancia da Rep\u00fablica, Bolsonaro aumentou seus gastos com passagens a\u00e9reas pagas com dinheiro p\u00fablico da C\u00e2mara dos Deputados. Levantamento feito pelo Estad\u00e3o\/Broadcast mostra que, nesta legislatura (entre 2015 e 2017), o deputado fluminense gastou 39% mais com passagens custeadas pela C\u00e2mara do que no per\u00edodo anterior (de 2011 a 2014): passou de R$ 261 mil para R$ 362 mil.<\/p>\n<p>O parlamentar mudou o perfil de suas viagens nos \u00faltimos tr\u00eas anos, quando come\u00e7ou a ganhar for\u00e7a sua inten\u00e7\u00e3o de disputar o Pal\u00e1cio do Planalto ap\u00f3s se reeleger, em 2014, como o deputado mais votado (464.572 votos) no Rio. Ele passou a visitar mais cidades de todas as regi\u00f5es do Pa\u00eds, fora do eixo Bras\u00edlia-Rio, onde trabalha e mora.<\/p>\n<p>Os deslocamentos para outros Estados saltaram de 23 para 83 \u2013 2,3 por m\u00eas. Foram considerados apenas os bilhetes em que Bolsonaro \u00e9 o passageiro e pagos por meio da cota parlamentar. A um ano para o fim da atual legislatura, ele j\u00e1 se deslocou 351 vezes, ante 404 dos quatro anos anteriores.<\/p>\n<p>Em Campina Grande, uma das poucas cidades onde o PT perdeu as elei\u00e7\u00f5es presidenciais no Nordeste, Bolsonaro pagou, com dinheiro da C\u00e2mara, R$ 1.013,69 em bilhetes a\u00e9reos. Seu gabinete emitiu as passagens no dia 20 de janeiro do ano passado. Hoje, o deputado fluminense \u00e9 o segundo mais bem colocado nas pesquisas de inten\u00e7\u00e3o de voto, atr\u00e1s do ex-presidente Luiz In\u00e1cio Lula da Silva (PT).<\/p>\n<p>&nbsp;<\/p>\n<p><strong>\u2018Mito\u2019.<\/strong>\u00a0Bolsonaro costuma ser recebido por apoiadores aos gritos de \u201cmito\u201d nos aeroportos, circula em locais p\u00fablicos, d\u00e1 entrevistas e faz palestras relacionadas \u00e0 seguran\u00e7a p\u00fablica.<\/p>\n<p>Em julho de 2017, o deputado seguiu esse roteiro. Foi recepcionado por simpatizantes no Aeroporto Salgado Filho, em Porto Alegre, onde falou em \u201clibertar o Pa\u00eds\u201d com a \u201cverdade\u201d. \u201cLonge aqui de estar fazendo campanha pol\u00edtica, muito longe disso, mas cada um de n\u00f3s tem a liberdade de ter o direito de buscar o que \u00e9 melhor para o Pa\u00eds. Aqui n\u00e3o tem mais um capit\u00e3o do Ex\u00e9rcito, tem um soldado do Brasil \u00e0 disposi\u00e7\u00e3o para ir \u00e0s \u00faltimas consequ\u00eancias para retirar aquela podrid\u00e3o que est\u00e1 em Bras\u00edlia\u201d, esbravejou. Entre junho e julho, o gabinete comprou quatro passagens para Porto Alegre ao custo de R$ 4.456,60.<\/p>\n<p>A \u00e1rea externa do gabinete do deputado em Bras\u00edlia estampa uma montagem de fotos em que ele aparece nos bra\u00e7os de seus apoiadores. Procurado, o deputado n\u00e3o foi localizado. No informativo em que presta contas do mandato, ele justifica suas viagens como uma troca de experi\u00eancias sobre a administra\u00e7\u00e3o p\u00fablica.<\/p>\n<p>Eleito pelo Rio, Bolsonaro tem direito a R$ 35.759,97 mensais por meio da cota parlamentar. Entre 2015 e 2017, ele gastou R$ 967 mil dos R$ 1,3 milh\u00e3o que tinha direito. De acordo com normas internas da C\u00e2mara dos Deputados, \u201cn\u00e3o ser\u00e3o permitidos gastos de car\u00e1ter eleitoral\u201d.<\/p>\n<p><strong>Experi\u00eancia.<\/strong>\u00a0Em panfletos para prestar contas do mandato, o deputado Jair Bolsonaro (PSC-RJ) justifica suas viagens como uma troca de experi\u00eancias sobre a administra\u00e7\u00e3o p\u00fablica. \u201cMinhas viagens, em conson\u00e2ncia com a abrang\u00eancia nacional de meu mandato, visam a obter e transmitir conhecimentos e experi\u00eancias.\u201d<\/p>\n<p>O chefe de gabinete, Jorge Francisco, afirmou que a estrutura do Parlamento n\u00e3o se confunde com as atividades de pr\u00e9-campanha. Ele disse tamb\u00e9m que o deputado viaja a convite para falar sobre seguran\u00e7a.<\/p>\n<p><strong>CARIRI EM A\u00c7\u00c3O<\/strong><\/p>\n<p><em>Com Estad\u00e3o\/Foto: Reprodu\u00e7\u00e3o Internet<\/em><\/p>\n<p><strong>Leia mais not\u00edcias em\u00a0<\/strong><a href=\"http:\/\/www.caririemacao.com\/\"><strong>caririemacao.com<\/strong><\/a><strong>, siga nossa p\u00e1gina no\u00a0<\/strong><a href=\"https:\/\/www.facebook.com\/CaririEmAcao\/?ref=aymt_homepage_panel\"><strong>Facebook<\/strong><\/a>,<strong>\u00a0<\/strong><a href=\"https:\/\/www.instagram.com\/cariri_em_acao\/?hl=pt-br\"><strong>Instagram<\/strong><\/a><strong>\u00a0e <\/strong><a href=\"https:\/\/www.youtube.com\/channel\/UCAptA0jQuYQy8vMhLt2m4qg\"><strong>Youtube<\/strong><\/a><strong>\u00a0e veja nossas mat\u00e9rias, v\u00eddeos e fotos. Voc\u00ea tamb\u00e9m pode enviar informa\u00e7\u00f5es \u00e0 Reda\u00e7\u00e3o do Portal Cariri em A\u00e7\u00e3o pelo WhatsApp (83) 9 9634.5791, (83) 9 9601-1162.<\/strong><\/p>\n","protected":false},"excerpt":{"rendered":"<p>O deputado federal Jair Bolsonaro (PSC-RJ) viajou para Campina Grande, segundo maior col\u00e9gio eleitoral da Para\u00edba, para dar palestras, falar com eleitores em pra\u00e7as e&hellip; <\/p>\n","protected":false},"author":2,"featured_media":24427,"comment_status":"closed","ping_status":"closed","sticky":false,"template":"","format":"standard","meta":{"sfsi_plus_gutenberg_text_before_share":"","sfsi_plus_gutenberg_show_text_before_share":"","sfsi_plus_gutenberg_icon_type":"","sfsi_plus_gutenberg_icon_alignemt":"","sfsi_plus_gutenburg_max_per_row":"","footnotes":""},"categories":[11],"tags":[],"class_list":["post-37338","post","type-post","status-publish","format-standard","has-post-thumbnail","hentry","category-politica"],"_links":{"self":[{"href":"https:\/\/www.caririemacao.com\/1\/wp-json\/wp\/v2\/posts\/37338","targetHints":{"allow":["GET"]}}],"collection":[{"href":"https:\/\/www.caririemacao.com\/1\/wp-json\/wp\/v2\/posts"}],"about":[{"href":"https:\/\/www.caririemacao.com\/1\/wp-json\/wp\/v2\/types\/post"}],"author":[{"embeddable":true,"href":"https:\/\/www.caririemacao.com\/1\/wp-json\/wp\/v2\/users\/2"}],"replies":[{"embeddable":true,"href":"https:\/\/www.caririemacao.com\/1\/wp-json\/wp\/v2\/comments?post=37338"}],"version-history":[{"count":0,"href":"https:\/\/www.caririemacao.com\/1\/wp-json\/wp\/v2\/posts\/37338\/revisions"}],"wp:featuredmedia":[{"embeddable":true,"href":"https:\/\/www.caririemacao.com\/1\/wp-json\/wp\/v2\/media\/24427"}],"wp:attachment":[{"href":"https:\/\/www.caririemacao.com\/1\/wp-json\/wp\/v2\/media?parent=37338"}],"wp:term":[{"taxonomy":"category","embeddable":true,"href":"https:\/\/www.caririemacao.com\/1\/wp-json\/wp\/v2\/categories?post=37338"},{"taxonomy":"post_tag","embeddable":true,"href":"https:\/\/www.caririemacao.com\/1\/wp-json\/wp\/v2\/tags?post=37338"}],"curies":[{"name":"wp","href":"https:\/\/api.w.org\/{rel}","templated":true}]}}