{"id":37341,"date":"2018-01-14T12:09:16","date_gmt":"2018-01-14T15:09:16","guid":{"rendered":"http:\/\/caririemacao.com\/1\/?p=37341"},"modified":"2018-01-14T12:09:16","modified_gmt":"2018-01-14T15:09:16","slug":"aviao-derrapa-durante-pouso-e-quase-cai-no-mar-na-turquia","status":"publish","type":"post","link":"https:\/\/www.caririemacao.com\/1\/2018\/01\/14\/aviao-derrapa-durante-pouso-e-quase-cai-no-mar-na-turquia\/","title":{"rendered":"Avi\u00e3o derrapa durante pouso e quase cai no mar na Turquia"},"content":{"rendered":"<p>Um avi\u00e3o da Pegasus Airlines derrapou e saiu da pista de pouso em um aeroporto na costa da Turquia na noite deste s\u00e1bado (13).<\/p>\n<p>A aeronave acabou parando no meio de uma encosta \u00edngreme, \u00e0s margens do mar Negro. N\u00e3o houve feridos entre passageiros e tripulantes, segundo a imprensa turca.<\/p>\n<p>O incidente aconteceu no aeroporto de Trebizonda, no norte da Turquia. Fotos do local mostravam o nariz do avi\u00e3o pr\u00f3ximo \u00e0 \u00e1gua.<\/p>\n<p>\u00c0 ag\u00eancia Reuters, a Pegasus Airlines informou que o Boeing 737-800, que ia de Ancara para Trabzon, &#8220;enfrentou um incidente na pista&#8221; ao pousar, mas que os 162 passageiros, dois pilotos e quatro comiss\u00e1rios de bordo n\u00e3o ficaram feridos.<\/p>\n<p>De acordo com um post no Twitter do governador da prov\u00edncia, Yucel Yavuz, o avi\u00e3o &#8220;saiu da pista por um motivo que ainda n\u00e3o foi determinado&#8221;. A publica\u00e7\u00e3o diz ainda que os &#8220;passageiros a bordo da aeronave foram evacuados com seguran\u00e7a&#8221;.<\/p>\n<p><strong>CARIRI EM A\u00c7\u00c3O<\/strong><\/p>\n<p><em>Com R7\/Foto: Reprodu\u00e7\u00e3o Internet<\/em><\/p>\n<p><strong>Leia mais not\u00edcias em\u00a0<\/strong><a href=\"http:\/\/www.caririemacao.com\/\"><strong>caririemacao.com<\/strong><\/a><strong>, siga nossa p\u00e1gina no\u00a0<\/strong><a href=\"https:\/\/www.facebook.com\/CaririEmAcao\/?ref=aymt_homepage_panel\"><strong>Facebook<\/strong><\/a>,<strong>\u00a0<\/strong><a href=\"https:\/\/www.instagram.com\/cariri_em_acao\/?hl=pt-br\"><strong>Instagram<\/strong><\/a><strong>\u00a0e <\/strong><a href=\"https:\/\/www.youtube.com\/channel\/UCAptA0jQuYQy8vMhLt2m4qg\"><strong>Youtube<\/strong><\/a><strong>\u00a0e veja nossas mat\u00e9rias, v\u00eddeos e fotos. Voc\u00ea tamb\u00e9m pode enviar informa\u00e7\u00f5es \u00e0 Reda\u00e7\u00e3o do Portal Cariri em A\u00e7\u00e3o pelo WhatsApp (83) 9 9634.5791, (83) 9 9601-1162.<\/strong><\/p>\n","protected":false},"excerpt":{"rendered":"<p>Um avi\u00e3o da Pegasus Airlines derrapou e saiu da pista de pouso em um aeroporto na costa da Turquia na noite deste s\u00e1bado (13). A&hellip; <\/p>\n","protected":false},"author":2,"featured_media":37342,"comment_status":"closed","ping_status":"closed","sticky":false,"template":"","format":"standard","meta":{"sfsi_plus_gutenberg_text_before_share":"","sfsi_plus_gutenberg_show_text_before_share":"","sfsi_plus_gutenberg_icon_type":"","sfsi_plus_gutenberg_icon_alignemt":"","sfsi_plus_gutenburg_max_per_row":"","footnotes":""},"categories":[2],"tags":[],"class_list":["post-37341","post","type-post","status-publish","format-standard","has-post-thumbnail","hentry","category-geral"],"_links":{"self":[{"href":"https:\/\/www.caririemacao.com\/1\/wp-json\/wp\/v2\/posts\/37341","targetHints":{"allow":["GET"]}}],"collection":[{"href":"https:\/\/www.caririemacao.com\/1\/wp-json\/wp\/v2\/posts"}],"about":[{"href":"https:\/\/www.caririemacao.com\/1\/wp-json\/wp\/v2\/types\/post"}],"author":[{"embeddable":true,"href":"https:\/\/www.caririemacao.com\/1\/wp-json\/wp\/v2\/users\/2"}],"replies":[{"embeddable":true,"href":"https:\/\/www.caririemacao.com\/1\/wp-json\/wp\/v2\/comments?post=37341"}],"version-history":[{"count":0,"href":"https:\/\/www.caririemacao.com\/1\/wp-json\/wp\/v2\/posts\/37341\/revisions"}],"wp:featuredmedia":[{"embeddable":true,"href":"https:\/\/www.caririemacao.com\/1\/wp-json\/wp\/v2\/media\/37342"}],"wp:attachment":[{"href":"https:\/\/www.caririemacao.com\/1\/wp-json\/wp\/v2\/media?parent=37341"}],"wp:term":[{"taxonomy":"category","embeddable":true,"href":"https:\/\/www.caririemacao.com\/1\/wp-json\/wp\/v2\/categories?post=37341"},{"taxonomy":"post_tag","embeddable":true,"href":"https:\/\/www.caririemacao.com\/1\/wp-json\/wp\/v2\/tags?post=37341"}],"curies":[{"name":"wp","href":"https:\/\/api.w.org\/{rel}","templated":true}]}}