{"id":37344,"date":"2018-01-14T12:15:04","date_gmt":"2018-01-14T15:15:04","guid":{"rendered":"http:\/\/caririemacao.com\/1\/?p=37344"},"modified":"2018-01-14T12:15:04","modified_gmt":"2018-01-14T15:15:04","slug":"papa-pede-hospitalidade-a-refugiados","status":"publish","type":"post","link":"https:\/\/www.caririemacao.com\/1\/2018\/01\/14\/papa-pede-hospitalidade-a-refugiados\/","title":{"rendered":"Papa pede hospitalidade a refugiados"},"content":{"rendered":"<p>O papa Francisco lan\u00e7ou neste domingo (14\/02), em Roma, mais um apelo \u00e0 hospitalidade em rela\u00e7\u00e3o ao refugiados, dizendo que &#8220;pecar \u00e9 desistir do encontro com o outro&#8221;.<\/p>\n<p>A afirma\u00e7\u00e3o foi feita durante missa com refugiados, celebrada na Bas\u00edlica de S\u00e3o Pedro durante a Jornada Mundial dos Imigrantes, por ocasi\u00e3o da comemora\u00e7\u00e3o do 104\u00ba Dia Mundial dos Migrantes e dos Refugiados. &#8220;Todo o imigrante que bate \u00e0 nossa porta \u00e9 uma oportunidade para conhecer Jesus Cristo, que se identifica com o estrangeiro de qualquer \u00e9poca, acolhido ou rejeitado&#8221;, disse o pont\u00edfice.<\/p>\n<p>Francisco pronunciou a homilia durante uma missa na qual participaram imigrantes e refugiados de 49 pa\u00edses, que levaram suas bandeiras, assim como 70 diplomatas credenciados na Santa S\u00e9.<\/p>\n<p>Jorge Bergoglio, ele pr\u00f3prio filho de uma fam\u00edlia de emigrantes italianos na Argentina, defendeu que &#8220;muitas vezes desistimos de conhecer o outro e levantamos barreiras para nos defender&#8221;.<\/p>\n<p>O papa disse que &#8220;as comunidades locais \u00e0s vezes t\u00eam medo de que os rec\u00e9m-chegados interrompam a ordem estabelecida, &#8216;roubem&#8217; algo que tenha sido dolorosamente constru\u00eddo&#8221;. Ele reconheceu que estes temores &#8220;s\u00e3o leg\u00edtimos&#8221;, por estarem baseados em &#8220;d\u00favidas que s\u00e3o totalmente compreens\u00edveis do ponto de vista humano&#8221;.<\/p>\n<p>No entanto, sustentou que duvidar &#8220;n\u00e3o \u00e9 um pecado&#8221;, mas sim permitir que &#8220;estes medos determinem nossas respostas, condicionem nossas escolhas, comprometam o respeito e a generosidade, alimentem o \u00f3dio e a rejei\u00e7\u00e3o&#8221;. Para ele, &#8220;o pecado \u00e9 desistir do encontro com o outro&#8221;.<\/p>\n<p>Desde o in\u00edcio do seu pontificado, em mar\u00e7o de 2013, o papa tenta intensificar a posi\u00e7\u00e3o a favor do acolhimento de refugiados e migrantes.<\/p>\n<p>Na segunda-feira, o pont\u00edfice come\u00e7a turn\u00ea de oito dias ao Chile e ao Peru, a sua 22.\u00aa viagem ao exterior.<\/p>\n<p>Nas v\u00e9speras da chegada do papa ao Chile, desconhecidos atacaram quatro igrejas na capital, Santiago, com bombas incendi\u00e1rias, em rejei\u00e7\u00e3o \u00e0 visita do sumo sacerdote.<\/p>\n<p>Algumas fontes atribuem os atos de destrui\u00e7\u00e3o a membros do povo ind\u00edgena mapuche, que se defendem de a\u00e7\u00f5es de desterro no sul do pa\u00eds. Corroborando essa vers\u00e3o, as autoridades chilenas divulgaram um panfleto encontrado junto a uma das igrejas atacadas, no munic\u00edpio de Estaci\u00f3n Central.<\/p>\n<p>Seus autores prometem\u00a0nunca se curvar \u00e0 domina\u00e7\u00e3o externa, manifestando-se &#8220;contra todo religioso e pregador&#8221; e por &#8220;corpos livres, impuros e selvagens&#8221;. Depois de proclamar &#8220;<strong>Wallmapu libre<\/strong>&#8221; (&#8220;Liberdade para a terra dos mapuche&#8221;), a nota termina com uma amea\u00e7a expl\u00edcita: &#8220;Papa Francisco, as pr\u00f3ximas bombas ser\u00e3o na tua batina&#8221;.<\/p>\n<div id=\"facebookWidget\" data-aop=\"facebookWidget\" data-id=\"1024\" data-m=\"{\">\u00a0<strong>CARIRI EM A\u00c7\u00c3O<\/strong><em>Com dw\/Foto: Reprodu\u00e7\u00e3o Internet<\/em><\/p>\n<p><strong>Leia mais not\u00edcias em\u00a0<\/strong><a href=\"http:\/\/www.caririemacao.com\/\"><strong>caririemacao.com<\/strong><\/a><strong>, siga nossa p\u00e1gina no\u00a0<\/strong><a href=\"https:\/\/www.facebook.com\/CaririEmAcao\/?ref=aymt_homepage_panel\"><strong>Facebook<\/strong><\/a>,<strong>\u00a0<\/strong><a href=\"https:\/\/www.instagram.com\/cariri_em_acao\/?hl=pt-br\"><strong>Instagram<\/strong><\/a><strong>\u00a0e <\/strong><a href=\"https:\/\/www.youtube.com\/channel\/UCAptA0jQuYQy8vMhLt2m4qg\"><strong>Youtube<\/strong><\/a><strong>\u00a0e veja nossas mat\u00e9rias, v\u00eddeos e fotos. Voc\u00ea tamb\u00e9m pode enviar informa\u00e7\u00f5es \u00e0 Reda\u00e7\u00e3o do Portal Cariri em A\u00e7\u00e3o pelo WhatsApp (83) 9 9634.5791, (83) 9 9601-1162.<\/strong><\/p>\n<\/div>\n","protected":false},"excerpt":{"rendered":"<p>O papa Francisco lan\u00e7ou neste domingo (14\/02), em Roma, mais um apelo \u00e0 hospitalidade em rela\u00e7\u00e3o ao refugiados, dizendo que &#8220;pecar \u00e9 desistir do encontro&hellip; <\/p>\n","protected":false},"author":2,"featured_media":12442,"comment_status":"closed","ping_status":"closed","sticky":false,"template":"","format":"standard","meta":{"sfsi_plus_gutenberg_text_before_share":"","sfsi_plus_gutenberg_show_text_before_share":"","sfsi_plus_gutenberg_icon_type":"","sfsi_plus_gutenberg_icon_alignemt":"","sfsi_plus_gutenburg_max_per_row":"","footnotes":""},"categories":[2],"tags":[],"class_list":["post-37344","post","type-post","status-publish","format-standard","has-post-thumbnail","hentry","category-geral"],"_links":{"self":[{"href":"https:\/\/www.caririemacao.com\/1\/wp-json\/wp\/v2\/posts\/37344","targetHints":{"allow":["GET"]}}],"collection":[{"href":"https:\/\/www.caririemacao.com\/1\/wp-json\/wp\/v2\/posts"}],"about":[{"href":"https:\/\/www.caririemacao.com\/1\/wp-json\/wp\/v2\/types\/post"}],"author":[{"embeddable":true,"href":"https:\/\/www.caririemacao.com\/1\/wp-json\/wp\/v2\/users\/2"}],"replies":[{"embeddable":true,"href":"https:\/\/www.caririemacao.com\/1\/wp-json\/wp\/v2\/comments?post=37344"}],"version-history":[{"count":0,"href":"https:\/\/www.caririemacao.com\/1\/wp-json\/wp\/v2\/posts\/37344\/revisions"}],"wp:featuredmedia":[{"embeddable":true,"href":"https:\/\/www.caririemacao.com\/1\/wp-json\/wp\/v2\/media\/12442"}],"wp:attachment":[{"href":"https:\/\/www.caririemacao.com\/1\/wp-json\/wp\/v2\/media?parent=37344"}],"wp:term":[{"taxonomy":"category","embeddable":true,"href":"https:\/\/www.caririemacao.com\/1\/wp-json\/wp\/v2\/categories?post=37344"},{"taxonomy":"post_tag","embeddable":true,"href":"https:\/\/www.caririemacao.com\/1\/wp-json\/wp\/v2\/tags?post=37344"}],"curies":[{"name":"wp","href":"https:\/\/api.w.org\/{rel}","templated":true}]}}