{"id":37358,"date":"2018-01-14T12:45:48","date_gmt":"2018-01-14T15:45:48","guid":{"rendered":"http:\/\/caririemacao.com\/1\/?p=37358"},"modified":"2018-01-14T12:46:33","modified_gmt":"2018-01-14T15:46:33","slug":"apesar-de-cortes-institutos-federais-lideram-nota-do-enem-em-14-estados","status":"publish","type":"post","link":"https:\/\/www.caririemacao.com\/1\/2018\/01\/14\/apesar-de-cortes-institutos-federais-lideram-nota-do-enem-em-14-estados\/","title":{"rendered":"Apesar de cortes, institutos federais lideram nota do Enem em 14 Estados"},"content":{"rendered":"<p>O desempenho dos alunos de ensino m\u00e9dio de institutos federais no\u00a0Enem 2016\u00a0colocou unidades da rede no topo das escolas p\u00fablicas em 14 Estados. Apesar de representarem uma elite da escola p\u00fablica de ensino m\u00e9dio, refer\u00eancia em educa\u00e7\u00e3o t\u00e9cnica, os institutos t\u00eam sofrido com queda de or\u00e7amento.<\/p>\n<p>De 2015 a 2017, os repasses para essa rede, que conta com 644 campi e 878 mil alunos (64% de ensino m\u00e9dio), ca\u00edram 14%, com valores corrigidos pela infla\u00e7\u00e3o. No ano passado, recebeu R$ 3,1 bilh\u00f5es, segundo o governo.<\/p>\n<p>Representantes das institui\u00e7\u00f5es reclamam de impactos negativos, como cancelamentos de projetos e sucateamento de infraestrutura. H\u00e1 36 unidades fechadas por falta de dinheiro.<\/p>\n<p>Recursos para investimentos (obras e compra de equipamentos) recuaram 61% de 2015 a 2017. No ano passado, foram repassados R$ 319 mil.<\/p>\n<p>O governo Michel Temer estipulou um or\u00e7amento de R$ 3,37 bilh\u00f5es para 2018. Se os contingenciamentos dos \u00faltimos anos se repetirem, esse valor n\u00e3o ser\u00e1 alcan\u00e7ado.<\/p>\n<p>Os institutos federais registraram m\u00e9dia 564,93 no Exame Nacional do Ensino M\u00e9dio de 2016, segundo tabula\u00e7\u00e3o da Folha a partir de dados do MEC (Minist\u00e9rio da Educa\u00e7\u00e3o), apenas 3% abaixo da rede privada (580,93).<\/p>\n<p>Reportagens da\u00a0Folha\u00a0sobre o Enem\u00a0publicadas em dezembro seguiram crit\u00e9rios da \u00faltima divulga\u00e7\u00e3o desse tipo realizada pelo MEC \u2013a pasta deixou de divulgar m\u00e9dias por escolas no ano passado. Dessa forma, escolas com alunos do m\u00e9dio integrado ao ensino t\u00e9cnico ficaram de fora.<\/p>\n<p>Agora, com a inclus\u00e3o dessa modalidade (m\u00e9dio integrado ao t\u00e9cnico), a reportagem calculou a m\u00e9dia de 188 unidades ligadas a institutos federais. Tamb\u00e9m aparecem cinco escolas de aplica\u00e7\u00e3o de universidades federais.<\/p>\n<p>Antes de levar em conta esses alunos, o grupo de col\u00e9gios do topo (as 10% com a maior nota no Enem) reunia\u00a0apenas 12% de escolas p\u00fablicas. Agora, esse \u00edndice sobe para 22%: 192 unidades entre as 886 melhores.<\/p>\n<p>A reportagem excluiu escolas com menos de dez alunos do 3\u00ba ano no exame e\/ou com menos de 50% do total desses estudantes na prova. Tamb\u00e9m levou em conta apenas escolas com pelo menos 61 estudantes no 3\u00ba ano. As m\u00e9dias foram calculadas a partir das quatro \u00e1reas objetivas da prova (linguagens, matem\u00e1tica, ci\u00eancias da natureza e ci\u00eancias humanas), sem contar a reda\u00e7\u00e3o.<\/p>\n<p>A rede de institutos federais tem foco em educa\u00e7\u00e3o t\u00e9cnica e profissional, com cursos de ensino m\u00e9dio e superior. Concentra 40 unidades, al\u00e9m do col\u00e9gio Pedro II, no Rio. A forma\u00e7\u00e3o da rede foi uma das bandeiras na \u00e1rea de educa\u00e7\u00e3o dos governos Lula e Dilma, ambos do PT.<\/p>\n<p><b>PERFIL<\/b><\/p>\n<p>Os institutos fazem sele\u00e7\u00e3o de alunos, a maioria com vestibulinho de ingresso (embora alguns adotem an\u00e1lise de curr\u00edculo ou sorteio). A peneira garante alunos qualificados e de maior renda, o que explica parte dos bons resultados. Mas h\u00e1 reserva de 50% das vagas \u00e0 rede p\u00fablica.<\/p>\n<p>Para Wilson Conciani, do Conif (Conselho Nacional das Institui\u00e7\u00f5es da Rede Federal de Educa\u00e7\u00e3o Profissional, Cient\u00edfica e Tecnol\u00f3gica), h\u00e1 diversidade no perfil dos alunos. E isso colabora, diz ele, para o sucesso pedag\u00f3gico.<\/p>\n<p>&#8220;As unidades re\u00fanem pessoas de diversas origens,que convivem em um espa\u00e7o de conhecimento coletivo&#8221;, diz. &#8220;Sai do padr\u00e3o &#8216;professor fala e aluno escuta&#8217;.&#8221;<\/p>\n<p>Conciani, que ainda \u00e9 reitor do instituto de Bras\u00edlia, ressalta a import\u00e2ncia das condi\u00e7\u00f5es de trabalho. &#8220;A nossa infraestrutura e corpo docente s\u00e3o muito superiores at\u00e9 aos da rede privada&#8221;.<\/p>\n<p>Guilherme Nascimento de Oliveira, 18, \u00e9 aluno do curso de t\u00e9cnico de Eletrot\u00e9cnica no campus Vit\u00f3ria do Ifes (Instituto Federal do Esp\u00edrito Santo). Filho de professores, cursou o ensino fundamental em escola particular.<\/p>\n<p>&#8220;Eu senti bastante diferen\u00e7a quando cheguei aqui, principalmente nas \u00e1reas de exatas. A exig\u00eancia \u00e9 muito grande&#8221;, diz ele, que ganhou a medalha de ouro na \u00faltima Olimp\u00edada de Matem\u00e1tica \u2013 umas das 15 que j\u00e1 tem, incluindo competi\u00e7\u00f5es de geografia, astronomia e ci\u00eancias.<\/p>\n<p>Como Oliveira faz o t\u00e9cnico integrado ao m\u00e9dio, mas n\u00e3o em tempo integral, seu curso tem quatro anos. Ele est\u00e1 no 4\u00ba. &#8220;Pretendo seguir para uma engenharia, mas estou vendo processos de aplica\u00e7\u00e3o no exterior&#8221;.<\/p>\n<p>Segundo pesquisa recente do Conif, o perfil desse estudante n\u00e3o \u00e9 a regra: 64% dos egressos iniciam carreira em \u00e1rea correlata ao curso.<\/p>\n<p>A m\u00e9dia do campus Vit\u00f3ria do Ifes, onde ele estuda, foi de 651,83 em 2016, a mais alta entre os institutos. Considerando todas as escolas do pa\u00eds, p\u00fablicas e particulares, a de Oliveira fica em 171\u00ba lugar entre 8.857 unidades.<\/p>\n<p>Neste ano, o Ifes recebeu 19.468 candidatos para 3.726 vagas. Uma m\u00e9dia de 5,2 interessados por vaga.<\/p>\n<p>&#8220;Trabalhamos a ideia de teoria e pr\u00e1tica, e alia isso com nossos excelentes alunos&#8221;, diz o reitor do Ifes, Jadir Pela. &#8220;Com a mesma fatia de or\u00e7amento, estamos no teto das possibilidades.&#8221;<\/p>\n<p><b>Escola: IFES &#8211; Campus Vit\u00f3ria<\/b><br \/>\n<b>Nota:<\/b>\u00a0651,83<br \/>\n<b>Cidade:<\/b>\u00a0Vit\u00f3ria<br \/>\n<b>Estado:<\/b>\u00a0ES<br \/>\n<b>Posi\u00e7\u00e3o no estado:<\/b>\u00a06\u00ba<\/p>\n<p><b>Escola: IFRN &#8211; Campus Natal Central<\/b><br \/>\n<b>Nota:<\/b>\u00a0619,94<br \/>\n<b>Cidade:<\/b>\u00a0Natal<br \/>\n<b>Estado:<\/b>\u00a0RN<br \/>\n<b>Posi\u00e7\u00e3o no Estado:<\/b>\u00a07\u00ba<\/p>\n<p><b>Escola: IFSC &#8211; Campus Florian\u00f3polis-Centro<\/b><br \/>\n<b>Nota:<\/b>\u00a0618,59<br \/>\n<b>Cidade:<\/b>\u00a0Florian\u00f3polis<br \/>\n<b>Estado:<\/b>\u00a0SC<br \/>\n<b>Posi\u00e7\u00e3o no Estado:<\/b>\u00a016\u00ba<\/p>\n<p><b>Escola: IFG &#8211; Campus Goi\u00e2nia<\/b><br \/>\n<b>Nota:<\/b>\u00a0595,66<br \/>\n<b>Cidade:<\/b>\u00a0Goi\u00e2nia<br \/>\n<b>Estado:<\/b>\u00a0GO<br \/>\n<b>Posi\u00e7\u00e3o no Estado:<\/b>\u00a032\u00ba<\/p>\n<p><b>Escola: IFS &#8211; Campus Aracaju<\/b><br \/>\n<b>Nota:<\/b>\u00a0593,34<br \/>\n<b>Cidade:<\/b>\u00a0Aracaju<br \/>\n<b>Estado:<\/b>\u00a0SE<br \/>\n<b>Posi\u00e7\u00e3o no Estado:<\/b>\u00a012\u00ba<\/p>\n<p><b>Escola: IFPI &#8211; Campus Teresina Central<\/b><br \/>\n<b>Nota:<\/b>\u00a0585,53<br \/>\n<b>Cidade:<\/b>\u00a0Teresina<br \/>\n<b>Estado:<\/b>\u00a0PI<br \/>\n<b>Posi\u00e7\u00e3o no Estado:<\/b>\u00a025\u00ba<\/p>\n<p><b>Escola: IFAL &#8211; Campus Arapiraca<\/b><br \/>\n<b>Nota:<\/b>\u00a0582,15<br \/>\n<b>Cidade:<\/b>\u00a0Arapiraca<br \/>\n<b>Estado:<\/b>\u00a0AL<br \/>\n<b>Posi\u00e7\u00e3o no Estado:<\/b>\u00a08\u00ba<\/p>\n<p><b>Escola: IFPB &#8211; Campus Jo\u00e3o Pessoa<\/b><br \/>\n<b>Nota:<\/b>\u00a0579,6<br \/>\n<b>Cidade:<\/b>\u00a0Jo\u00e3o Pessoa<br \/>\n<b>Estado:<\/b>\u00a0PB<br \/>\n<b>Posi\u00e7\u00e3o no Estado:<\/b>\u00a019\u00ba<\/p>\n<p><b>Escola: IFMA &#8211; Campus Imperatriz<\/b><br \/>\n<b>Nota:<\/b>\u00a0578,23<br \/>\n<b>Cidade:<\/b>\u00a0Imperatriz<br \/>\n<b>Estado:<\/b>\u00a0MA<br \/>\n<b>Posi\u00e7\u00e3o no Estado:<\/b>\u00a012\u00ba<\/p>\n<p><b>Escola: IFMT &#8211; Campus Cuiab\u00e1<\/b><br \/>\n<b>Nota:<\/b>\u00a0571,91<br \/>\n<b>Cidade:<\/b>\u00a0Cuiab\u00e1<br \/>\n<b>Estado:<\/b>\u00a0MT<br \/>\n<b>Posi\u00e7\u00e3o no Estado:<\/b>\u00a022\u00ba<\/p>\n<p><b>Escola: IFTO &#8211; Campus Palmas<\/b><br \/>\n<b>Nota:<\/b>\u00a0560,9<br \/>\n<b>Cidade:<\/b>\u00a0Palmas<br \/>\n<b>Estado:<\/b>\u00a0TO<br \/>\n<b>Posi\u00e7\u00e3o no Estado:<\/b>\u00a017\u00ba<\/p>\n<p><b>Escola: IFRO &#8211; Campus Ji-Paran\u00e1<\/b><br \/>\n<b>Nota:<\/b>\u00a0558,54<br \/>\n<b>Cidade:<\/b>\u00a0Ji-Paran\u00e1<br \/>\n<b>Estado:<\/b>\u00a0RO<br \/>\n<b>Posi\u00e7\u00e3o no Estado:<\/b>\u00a012\u00ba<\/p>\n<p><b>Escola: IFRR &#8211; Campus Boa Vista<\/b><br \/>\n<b>Nota:<\/b>\u00a0557,48<br \/>\n<b>Cidade:<\/b>\u00a0Boa Vista<br \/>\n<b>Estado:<\/b>\u00a0RR<br \/>\n<b>Posi\u00e7\u00e3o no Estado:<\/b>\u00a04\u00ba<\/p>\n<p><b>Escola: IFAP &#8211; Campus Macap\u00e1<\/b><br \/>\n<b>Nota:<\/b>\u00a0550,77<br \/>\n<b>Cidade:<\/b>\u00a0Macap\u00e1<br \/>\n<b>Estado:<\/b>\u00a0AP<br \/>\n<b>Posi\u00e7\u00e3o no Estado:<\/b>\u00a04\u00ba<\/p>\n<p class=\"division\"><b>OUTRO LADO<\/b><\/p>\n<p>Apesar da queda de or\u00e7amento dos institutos federais, o MEC (Minist\u00e9rio da Educa\u00e7\u00e3o) afirmou que garantiu, nos \u00faltimos dois anos, a libera\u00e7\u00e3o de 100% dos recursos previstos no or\u00e7amento para custeio da rede. Essa parte do or\u00e7amento \u00e9 voltada para os gastos fixos.<\/p>\n<p>Com rela\u00e7\u00e3o aos valores de investimento, que tiveram queda de 61%, o MEC afirma, em nota, que n\u00e3o h\u00e1 &#8220;l\u00f3gica&#8221; em falar em redu\u00e7\u00e3o.<\/p>\n<p>&#8220;\u00c9 importante destacar que uma obra tem come\u00e7o, meio e fim estipulado em anos determinados. Da mesma forma, os recursos s\u00e3o liberados no decorrer da obra at\u00e9 sua conclus\u00e3o. Por conta disso, os valores de investimento tamb\u00e9m podem variar&#8221;, cita a nota.<\/p>\n<p>A Rede Federal de Educa\u00e7\u00e3o Profissional e Tecnol\u00f3gica foi institu\u00edda por lei em 2008. Al\u00e9m de incorporar institui\u00e7\u00f5es tradicionais, houve a cria\u00e7\u00e3o de novas unidades e campi, com esfor\u00e7o de interioriza\u00e7\u00e3o da oferta.<\/p>\n<p>Os institutos est\u00e3o presentes em 78% das microrregi\u00f5es do pa\u00eds. As regi\u00f5es Norte e Nordeste concentram 47% do total de matr\u00edculas.<\/p>\n<p>O MEC ressaltou que a rede representa uma inova\u00e7\u00e3o educacional importante para o Brasil, n\u00e3o s\u00f3 pela capilaridade, &#8220;mas principalmente pela miss\u00e3o de apoiar o desenvolvimento local pela oferta da educa\u00e7\u00e3o profissional tecnol\u00f3gica&#8221;.<\/p>\n<p>Apesar de a pasta afirmar, em nota, que a experi\u00eancia dos institutos federais pode ajudar na implementa\u00e7\u00e3o da reforma do ensino m\u00e9dio, n\u00e3o h\u00e1 nem houve alguma a\u00e7\u00e3o por parte do governo nesse sentido.<\/p>\n<p>Segundo Wilson Conciani, do Conif, que representa a rede federal, n\u00e3o houve di\u00e1logo.<\/p>\n<p>&#8220;Uma vez que os institutos federais t\u00eam um trabalho de qualidade, comparado \u00e0s experi\u00eancias internacionais, esper\u00e1vamos ter participa\u00e7\u00e3o mais ativa. Isso at\u00e9 agora n\u00e3o aconteceu&#8221;.<\/p>\n<p>A reforma do ensino m\u00e9dio foi aprovada pelo governo Michel Temer em fevereiro de 2017, ap\u00f3s tramita\u00e7\u00e3o acelerada no Congresso Nacional. O texto estabelece que os alunos devem escolher parte do curr\u00edculo a partir de cinco linhas de aprofundamento (linguagens, matem\u00e1tica, ci\u00eancias humanas, ci\u00eancias da natureza e, por fim, ensino t\u00e9cnico profissional).<\/p>\n<p>Para o professor Luiz Roberto Alves, ex-presidente do CNE (Conselho Nacional de Educa\u00e7\u00e3o), a experi\u00eancia dos institutos federais deveria ser melhor aproveitada para a implementa\u00e7\u00e3o de mudan\u00e7as no ensino m\u00e9dio.<\/p>\n<p>&#8220;Os institutos se destacaram muito na conex\u00e3o do ensino m\u00e9dio com o ambiente do desenvolvimento das tecnologias, comunica\u00e7\u00e3o, sustentabilidade e aproxima\u00e7\u00e3o com as engenharias&#8221;, diz.<\/p>\n<p><b>COMO FOI FEITO O LEVANTAMENTO<\/b><\/p>\n<p><b>Origem dos dados<\/b><br \/>\nA\u00a0<b>Folha<\/b>\u00a0tabulou os dados brutos do Enem 2016, divulgados pelo Minist\u00e9rio da Educa\u00e7\u00e3o; s\u00f3 foram inclu\u00eddos candidatos que n\u00e3o faltaram ou zeraram em nenhuma das provas objetivas<\/p>\n<p><b>Foram consideradas<\/b><br \/>\nEscolas com pelo menos 61 estudantes no 3\u00ba ano do ensino m\u00e9dio, porque esse grupo se aproxima mais do universo de escolas brasileiras<\/p>\n<p><b>Foram exclu\u00eddas<\/b><br \/>\nEscolas com menos de dez estudantes do 3\u00ba ano no exame e\/ou com menos de 50% do total de seus alunos na prova, seguindo crit\u00e9rio adotado pelo MEC em anos anteriores.<\/p>\n<p><strong>CARIRI EM A\u00c7\u00c3O<\/strong><\/p>\n<p><em>Com Folha de S\u00e3o Paulo\/Foto: Reprodu\u00e7\u00e3o Internet<\/em><\/p>\n<p><strong>Leia mais not\u00edcias em\u00a0<\/strong><a href=\"http:\/\/www.caririemacao.com\/\"><strong>caririemacao.com<\/strong><\/a><strong>, siga nossa p\u00e1gina no\u00a0<\/strong><a href=\"https:\/\/www.facebook.com\/CaririEmAcao\/?ref=aymt_homepage_panel\"><strong>Facebook<\/strong><\/a>,<strong>\u00a0<\/strong><a href=\"https:\/\/www.instagram.com\/cariri_em_acao\/?hl=pt-br\"><strong>Instagram<\/strong><\/a><strong>\u00a0e <\/strong><a href=\"https:\/\/www.youtube.com\/channel\/UCAptA0jQuYQy8vMhLt2m4qg\"><strong>Youtube<\/strong><\/a><strong>\u00a0e veja nossas mat\u00e9rias, v\u00eddeos e fotos. Voc\u00ea tamb\u00e9m pode enviar informa\u00e7\u00f5es \u00e0 Reda\u00e7\u00e3o do Portal Cariri em A\u00e7\u00e3o pelo WhatsApp (83) 9 9634.5791, (83) 9 9601-1162.<\/strong><\/p>\n","protected":false},"excerpt":{"rendered":"<p>O desempenho dos alunos de ensino m\u00e9dio de institutos federais no\u00a0Enem 2016\u00a0colocou unidades da rede no topo das escolas p\u00fablicas em 14 Estados. Apesar de&hellip; <\/p>\n","protected":false},"author":2,"featured_media":37359,"comment_status":"closed","ping_status":"closed","sticky":false,"template":"","format":"standard","meta":{"sfsi_plus_gutenberg_text_before_share":"","sfsi_plus_gutenberg_show_text_before_share":"","sfsi_plus_gutenberg_icon_type":"","sfsi_plus_gutenberg_icon_alignemt":"","sfsi_plus_gutenburg_max_per_row":"","footnotes":""},"categories":[14],"tags":[],"class_list":["post-37358","post","type-post","status-publish","format-standard","has-post-thumbnail","hentry","category-educacao"],"_links":{"self":[{"href":"https:\/\/www.caririemacao.com\/1\/wp-json\/wp\/v2\/posts\/37358","targetHints":{"allow":["GET"]}}],"collection":[{"href":"https:\/\/www.caririemacao.com\/1\/wp-json\/wp\/v2\/posts"}],"about":[{"href":"https:\/\/www.caririemacao.com\/1\/wp-json\/wp\/v2\/types\/post"}],"author":[{"embeddable":true,"href":"https:\/\/www.caririemacao.com\/1\/wp-json\/wp\/v2\/users\/2"}],"replies":[{"embeddable":true,"href":"https:\/\/www.caririemacao.com\/1\/wp-json\/wp\/v2\/comments?post=37358"}],"version-history":[{"count":0,"href":"https:\/\/www.caririemacao.com\/1\/wp-json\/wp\/v2\/posts\/37358\/revisions"}],"wp:featuredmedia":[{"embeddable":true,"href":"https:\/\/www.caririemacao.com\/1\/wp-json\/wp\/v2\/media\/37359"}],"wp:attachment":[{"href":"https:\/\/www.caririemacao.com\/1\/wp-json\/wp\/v2\/media?parent=37358"}],"wp:term":[{"taxonomy":"category","embeddable":true,"href":"https:\/\/www.caririemacao.com\/1\/wp-json\/wp\/v2\/categories?post=37358"},{"taxonomy":"post_tag","embeddable":true,"href":"https:\/\/www.caririemacao.com\/1\/wp-json\/wp\/v2\/tags?post=37358"}],"curies":[{"name":"wp","href":"https:\/\/api.w.org\/{rel}","templated":true}]}}