{"id":37365,"date":"2018-01-15T05:38:14","date_gmt":"2018-01-15T08:38:14","guid":{"rendered":"http:\/\/caririemacao.com\/1\/?p=37365"},"modified":"2018-01-15T05:38:14","modified_gmt":"2018-01-15T08:38:14","slug":"temer-e-ministros-fazem-caminhada-e-reuniao-sobre-cenario-economico","status":"publish","type":"post","link":"https:\/\/www.caririemacao.com\/1\/2018\/01\/15\/temer-e-ministros-fazem-caminhada-e-reuniao-sobre-cenario-economico\/","title":{"rendered":"Temer e ministros fazem caminhada e reuni\u00e3o sobre cen\u00e1rio econ\u00f4mico"},"content":{"rendered":"<p>O presidente Michel Temer se reuniu com ministros na manh\u00e3 de hoje (14) para tratar do cen\u00e1rio econ\u00f4mico. Participaram do encontro os ministros da Secretaria-Geral da Presid\u00eancia da Rep\u00fablica, Moreira Franco; da Fazenda, Henrique Meirelles; da Justi\u00e7a, Torquato Jardim, e o subchefe para Assuntos Jur\u00eddicos da Casa Civil, Gustavo Rocha, que substituiu o ministro Eliseu Padilha, de f\u00e9rias.<\/p>\n<p>Antes da reuni\u00e3o, o presidente e os ministros fizeram uma caminhada de pouco mais de 1 quil\u00f4metro entre os pal\u00e1cios do Jaburu, onde Temer mora com sua fam\u00edlia, e o Pal\u00e1cio da Alvorada.<\/p>\n<p>Temer e os ministros conversaram sobre gera\u00e7\u00e3o de empregos, infla\u00e7\u00e3o, conten\u00e7\u00e3o de gastos e reforma da Previd\u00eancia. O presidente registrou o encontro e a caminhada em sua conta no Twitter. \u201cDomingo tamb\u00e9m \u00e9 dia de trabalho. Ap\u00f3s uma caminhada entre os pal\u00e1cios do Jaburu e Alvorada, me re\u00fano com alguns dos meus ministros para avaliar o cen\u00e1rio econ\u00f4mico, as medidas para reduzir a infla\u00e7\u00e3o, a gera\u00e7\u00e3o de empregos, al\u00e9m da necessidade da reforma da Previd\u00eancia\u201d.<\/p>\n<p>Na \u00faltima quinta-feira (11), a ag\u00eancia de classifica\u00e7\u00e3o de risco Standard &amp; Poor\u2019s\u00a0rebaixou\u00a0a nota do Brasil e justificou a decis\u00e3o, entre outros fatores, pela demora do pa\u00eds em implementar reformas estruturantes, entre elas a da Previd\u00eancia.<\/p>\n<p><strong>CARIRI EM A\u00c7\u00c3O<\/strong><\/p>\n<p><em>Com Ebc\/Foto: Ebc<\/em><\/p>\n<p><strong>Leia mais not\u00edcias em\u00a0<\/strong><a href=\"http:\/\/www.caririemacao.com\/\"><strong>caririemacao.com<\/strong><\/a><strong>, siga nossa p\u00e1gina no\u00a0<\/strong><a href=\"https:\/\/www.facebook.com\/CaririEmAcao\/?ref=aymt_homepage_panel\"><strong>Facebook<\/strong><\/a>,<strong>\u00a0<\/strong><a href=\"https:\/\/www.instagram.com\/cariri_em_acao\/?hl=pt-br\"><strong>Instagram<\/strong><\/a><strong>\u00a0e\u00a0<\/strong><a href=\"https:\/\/www.youtube.com\/channel\/UCAptA0jQuYQy8vMhLt2m4qg\"><strong>Youtube<\/strong><\/a><strong>\u00a0e veja nossas mat\u00e9rias, v\u00eddeos e fotos. Voc\u00ea tamb\u00e9m pode enviar informa\u00e7\u00f5es \u00e0 Reda\u00e7\u00e3o do Portal Cariri em A\u00e7\u00e3o pelo WhatsApp (83) 9 9634.5791, (83) 9 9601-1162.<\/strong><\/p>\n","protected":false},"excerpt":{"rendered":"<p>O presidente Michel Temer se reuniu com ministros na manh\u00e3 de hoje (14) para tratar do cen\u00e1rio econ\u00f4mico. Participaram do encontro os ministros da Secretaria-Geral&hellip; <\/p>\n","protected":false},"author":2,"featured_media":37366,"comment_status":"closed","ping_status":"closed","sticky":false,"template":"","format":"standard","meta":{"sfsi_plus_gutenberg_text_before_share":"","sfsi_plus_gutenberg_show_text_before_share":"","sfsi_plus_gutenberg_icon_type":"","sfsi_plus_gutenberg_icon_alignemt":"","sfsi_plus_gutenburg_max_per_row":"","footnotes":""},"categories":[11],"tags":[],"class_list":["post-37365","post","type-post","status-publish","format-standard","has-post-thumbnail","hentry","category-politica"],"_links":{"self":[{"href":"https:\/\/www.caririemacao.com\/1\/wp-json\/wp\/v2\/posts\/37365","targetHints":{"allow":["GET"]}}],"collection":[{"href":"https:\/\/www.caririemacao.com\/1\/wp-json\/wp\/v2\/posts"}],"about":[{"href":"https:\/\/www.caririemacao.com\/1\/wp-json\/wp\/v2\/types\/post"}],"author":[{"embeddable":true,"href":"https:\/\/www.caririemacao.com\/1\/wp-json\/wp\/v2\/users\/2"}],"replies":[{"embeddable":true,"href":"https:\/\/www.caririemacao.com\/1\/wp-json\/wp\/v2\/comments?post=37365"}],"version-history":[{"count":0,"href":"https:\/\/www.caririemacao.com\/1\/wp-json\/wp\/v2\/posts\/37365\/revisions"}],"wp:featuredmedia":[{"embeddable":true,"href":"https:\/\/www.caririemacao.com\/1\/wp-json\/wp\/v2\/media\/37366"}],"wp:attachment":[{"href":"https:\/\/www.caririemacao.com\/1\/wp-json\/wp\/v2\/media?parent=37365"}],"wp:term":[{"taxonomy":"category","embeddable":true,"href":"https:\/\/www.caririemacao.com\/1\/wp-json\/wp\/v2\/categories?post=37365"},{"taxonomy":"post_tag","embeddable":true,"href":"https:\/\/www.caririemacao.com\/1\/wp-json\/wp\/v2\/tags?post=37365"}],"curies":[{"name":"wp","href":"https:\/\/api.w.org\/{rel}","templated":true}]}}