{"id":37368,"date":"2018-01-15T05:45:56","date_gmt":"2018-01-15T08:45:56","guid":{"rendered":"http:\/\/caririemacao.com\/1\/?p=37368"},"modified":"2018-01-15T05:45:56","modified_gmt":"2018-01-15T08:45:56","slug":"aliados-de-ricardo-temem-represalia-de-ligia-feliciano","status":"publish","type":"post","link":"https:\/\/www.caririemacao.com\/1\/2018\/01\/15\/aliados-de-ricardo-temem-represalia-de-ligia-feliciano\/","title":{"rendered":"Aliados de Ricardo temem repres\u00e1lia de L\u00edgia Feliciano"},"content":{"rendered":"<p>Deputados e pol\u00edticos que s\u00e3o candidatos a elei\u00e7\u00f5es proporcionais na Para\u00edba em outubro e acompanham a lideran\u00e7a pol\u00edtica do governador Ricardo Coutinho, n\u00e3o escondem, nos bastidores, o receio de sofrerem repres\u00e1lia da parte da vice-governadora L\u00edgia Feliciano (PDT) como revanche pelo desprest\u00edgio da parte do atual gestor ao n\u00e3o apoiar a pretens\u00e3o dela em concorrer \u00e0 sua sucess\u00e3o. Em tom informal, fala-se do perigo da \u201ccaneta de L\u00edgia como governadora\u201d, uma alus\u00e3o ao poder que ela enfeixar\u00e1 em m\u00e3os ao ser investida na titularidade uma vez oficializada a desincompatibiliza\u00e7\u00e3o de Ricardo Coutinho para disputar o Senado.<\/p>\n<p>Mulher do deputado federal Dami\u00e3o Feliciano, do PDT, L\u00edgia tem mantido postura de lealdade ao governador e cumpre miss\u00f5es que lhe s\u00e3o delegadas, envolvendo contatos importantes, inclusive, no exterior. Mas, dentro do \u201ccl\u00e3\u201d Feliciano, a sensa\u00e7\u00e3o \u00e9 de que L\u00edgia foi definitivamente \u201ccristianizada\u201d por Coutinho como sua prov\u00e1vel sucessora, devido ao fato de n\u00e3o ser considerada \u201cricardista ortodoxa\u201d e, portanto, atuar politicamente com autonomia ao lado do marido. Essa atitude de Coutinho est\u00e1 sendo encarada como ingratid\u00e3o, pois os defensores de L\u00edgia lembram que ela foi procurada para ser candidata a vice em 2014 faltando quinze dias para a elei\u00e7\u00e3o em primeiro turno. Na \u00e9poca, Ricardo estava tendo dificuldades para incluir um nome de Campina Grande na chapa majorit\u00e1ria e recorreu, na und\u00e9cima hora, ao nome de L\u00edgia, que tinha tido atua\u00e7\u00e3o pol\u00edtica na disputa pela prefeitura da cidade Rainha da Borborema.<\/p>\n<p>\u201c\u00c9 estranho que um governador em vias de deixar o cargo para postular outro mandato n\u00e3o converse com sua substituta, a vice-governadora, e mais estranho ainda que n\u00e3o se sensibilize com a ofensiva dela para ser candidata \u00e0 sua sucess\u00e3o\u201d, desabafa um deputado com tr\u00e2nsito no \u201ccl\u00e3\u201d Feliciano. Durante boa parte do ano de 2017, o governador disseminou a tese de que n\u00e3o seria candidato a nenhum cargo eletivo e que ficaria no Pal\u00e1cio at\u00e9 o \u00faltimo dia do mandato, a fim de tocar obras programadas e, ao mesmo tempo, conduzir diretamente a campanha do seu candidato \u201cin pectoris\u201d e j\u00e1 lan\u00e7ado \u00e0 sua sucess\u00e3o, o engenheiro Jo\u00e3o Azevedo, secret\u00e1rio de Infraestrutura e Recursos Humanos.<\/p>\n<p>Azevedo \u00e9 ne\u00f3fito na disputa de cargos eletivos, embora seja reconhecido at\u00e9 por advers\u00e1rios como um t\u00e9cnico qualificad\u00edssimo. \u00c9 da confian\u00e7a absoluta de Ricardo e, por delega\u00e7\u00e3o dele, acompanha obras importantes em fase de execu\u00e7\u00e3o, al\u00e9m de monitorar o cronograma da chegada das \u00e1guas do rio S\u00e3o Francisco mediante o projeto de transposi\u00e7\u00e3o que alcan\u00e7ou o Eixo Leste na Para\u00edba. Numa das recentes disputas \u00e0 prefeitura de Jo\u00e3o Pessoa, Ricardo fixou-se no nome de Azevedo como op\u00e7\u00e3o para o p\u00e1reo, mas acabou desativando as especula\u00e7\u00f5es e preservando Jo\u00e3o para uma disputa de maior impacto \u2013 a de governador, este ano. A doutora L\u00edgia Feliciano n\u00e3o est\u00e1 impedida, por lei, de se lan\u00e7ar candidata ao governo, mesmo permanecendo na titularidade do mandato. Afinal, \u00e9 filiada a outro partido. Mas ela e o marido n\u00e3o querem passar recibo de \u201ctrai\u00e7\u00e3o\u201d ao governador Ricardo Coutinho, que, por sua vez, privilegia os \u201cortodoxos\u201d ou aqueles considerados mais fi\u00e9is \u00e0s suas ordens. \u201cEssa equa\u00e7\u00e3o no n\u00facleo do governador Ricardo Coutinho n\u00e3o est\u00e1, de forma alguma, resolvida\u201d, advertem fontes pol\u00edticas, prevendo trovoadas no decorrer da campanha eleitoral propriamente dita.<\/p>\n<p><strong>CARIRI EM A\u00c7\u00c3O<\/strong><\/p>\n<p><em>Com Resumo PB\/Foto:\u00a0Resumo PB<\/em><\/p>\n<p><strong>Leia mais not\u00edcias em\u00a0<\/strong><a href=\"http:\/\/www.caririemacao.com\/\"><strong>caririemacao.com<\/strong><\/a><strong>, siga nossa p\u00e1gina no\u00a0<\/strong><a href=\"https:\/\/www.facebook.com\/CaririEmAcao\/?ref=aymt_homepage_panel\"><strong>Facebook<\/strong><\/a>,<strong>\u00a0<\/strong><a href=\"https:\/\/www.instagram.com\/cariri_em_acao\/?hl=pt-br\"><strong>Instagram<\/strong><\/a><strong>\u00a0e\u00a0<\/strong><a href=\"https:\/\/www.youtube.com\/channel\/UCAptA0jQuYQy8vMhLt2m4qg\"><strong>Youtube<\/strong><\/a><strong>\u00a0e veja nossas mat\u00e9rias, v\u00eddeos e fotos. Voc\u00ea tamb\u00e9m pode enviar informa\u00e7\u00f5es \u00e0 Reda\u00e7\u00e3o do Portal Cariri em A\u00e7\u00e3o pelo WhatsApp (83) 9 9634.5791, (83) 9 9601-1162.<\/strong><\/p>\n","protected":false},"excerpt":{"rendered":"<p>Deputados e pol\u00edticos que s\u00e3o candidatos a elei\u00e7\u00f5es proporcionais na Para\u00edba em outubro e acompanham a lideran\u00e7a pol\u00edtica do governador Ricardo Coutinho, n\u00e3o escondem, nos&hellip; <\/p>\n","protected":false},"author":2,"featured_media":37369,"comment_status":"closed","ping_status":"closed","sticky":false,"template":"","format":"standard","meta":{"sfsi_plus_gutenberg_text_before_share":"","sfsi_plus_gutenberg_show_text_before_share":"","sfsi_plus_gutenberg_icon_type":"","sfsi_plus_gutenberg_icon_alignemt":"","sfsi_plus_gutenburg_max_per_row":"","footnotes":""},"categories":[11],"tags":[],"class_list":["post-37368","post","type-post","status-publish","format-standard","has-post-thumbnail","hentry","category-politica"],"_links":{"self":[{"href":"https:\/\/www.caririemacao.com\/1\/wp-json\/wp\/v2\/posts\/37368","targetHints":{"allow":["GET"]}}],"collection":[{"href":"https:\/\/www.caririemacao.com\/1\/wp-json\/wp\/v2\/posts"}],"about":[{"href":"https:\/\/www.caririemacao.com\/1\/wp-json\/wp\/v2\/types\/post"}],"author":[{"embeddable":true,"href":"https:\/\/www.caririemacao.com\/1\/wp-json\/wp\/v2\/users\/2"}],"replies":[{"embeddable":true,"href":"https:\/\/www.caririemacao.com\/1\/wp-json\/wp\/v2\/comments?post=37368"}],"version-history":[{"count":0,"href":"https:\/\/www.caririemacao.com\/1\/wp-json\/wp\/v2\/posts\/37368\/revisions"}],"wp:featuredmedia":[{"embeddable":true,"href":"https:\/\/www.caririemacao.com\/1\/wp-json\/wp\/v2\/media\/37369"}],"wp:attachment":[{"href":"https:\/\/www.caririemacao.com\/1\/wp-json\/wp\/v2\/media?parent=37368"}],"wp:term":[{"taxonomy":"category","embeddable":true,"href":"https:\/\/www.caririemacao.com\/1\/wp-json\/wp\/v2\/categories?post=37368"},{"taxonomy":"post_tag","embeddable":true,"href":"https:\/\/www.caririemacao.com\/1\/wp-json\/wp\/v2\/tags?post=37368"}],"curies":[{"name":"wp","href":"https:\/\/api.w.org\/{rel}","templated":true}]}}