{"id":37372,"date":"2018-01-15T05:53:41","date_gmt":"2018-01-15T08:53:41","guid":{"rendered":"http:\/\/caririemacao.com\/1\/?p=37372"},"modified":"2018-01-15T05:53:41","modified_gmt":"2018-01-15T08:53:41","slug":"ao-menos-21-concursos-abrem-inscricoes-nesta-segunda-para-mais-de-28-mil-vagas","status":"publish","type":"post","link":"https:\/\/www.caririemacao.com\/1\/2018\/01\/15\/ao-menos-21-concursos-abrem-inscricoes-nesta-segunda-para-mais-de-28-mil-vagas\/","title":{"rendered":"Ao menos 21 concursos abrem inscri\u00e7\u00f5es nesta segunda para mais de 2,8 mil vagas"},"content":{"rendered":"<p>Pelo menos 21 \u00f3rg\u00e3os p\u00fablicos abrem inscri\u00e7\u00f5es nesta segunda-feira (15) para concursos, com o objetivo de preencher mais de 2,8 mil vagas. As oportunidades s\u00e3o para todos os n\u00edveis de escolaridade, com vagas em diversos estados pelo pa\u00eds.<\/p>\n<p>Os sal\u00e1rios chegam a R$ 13.192,58 na Prefeitura de Nova Xavantina (MT). J\u00e1 na Prefeitura de S\u00e3o F\u00e9lix do Araguaia (MT), a remunera\u00e7\u00e3o \u00e9 de at\u00e9 R$ 12.519,66.<\/p>\n<p>Somente Secretaria de Estado da Educa\u00e7\u00e3o do Esp\u00edrito Santo, s\u00e3o 1.25 vagas. J\u00e1 a Secretaria de Estado da Sa\u00fade P\u00fablica do Rio Grande do Norte, a sele\u00e7\u00e3o \u00e9 para 404 postos de trabalho.<\/p>\n<p><strong>CARIRI EM A\u00c7\u00c3O<\/strong><\/p>\n<p><em>Com G1\/Foto: Reprodu\u00e7\u00e3o google<\/em><\/p>\n<p><strong>Leia mais not\u00edcias em\u00a0<\/strong><a href=\"http:\/\/www.caririemacao.com\/\"><strong>caririemacao.com<\/strong><\/a><strong>, siga nossa p\u00e1gina no\u00a0<\/strong><a href=\"https:\/\/www.facebook.com\/CaririEmAcao\/?ref=aymt_homepage_panel\"><strong>Facebook<\/strong><\/a>,<strong>\u00a0<\/strong><a href=\"https:\/\/www.instagram.com\/cariri_em_acao\/?hl=pt-br\"><strong>Instagram<\/strong><\/a><strong>\u00a0e\u00a0<\/strong><a href=\"https:\/\/www.youtube.com\/channel\/UCAptA0jQuYQy8vMhLt2m4qg\"><strong>Youtube<\/strong><\/a><strong>\u00a0e veja nossas mat\u00e9rias, v\u00eddeos e fotos. Voc\u00ea tamb\u00e9m pode enviar informa\u00e7\u00f5es \u00e0 Reda\u00e7\u00e3o do Portal Cariri em A\u00e7\u00e3o pelo WhatsApp (83) 9 9634.5791, (83) 9 9601-1162.<\/strong><\/p>\n","protected":false},"excerpt":{"rendered":"<p>Pelo menos 21 \u00f3rg\u00e3os p\u00fablicos abrem inscri\u00e7\u00f5es nesta segunda-feira (15) para concursos, com o objetivo de preencher mais de 2,8 mil vagas. As oportunidades s\u00e3o&hellip; <\/p>\n","protected":false},"author":2,"featured_media":37373,"comment_status":"closed","ping_status":"closed","sticky":false,"template":"","format":"standard","meta":{"sfsi_plus_gutenberg_text_before_share":"","sfsi_plus_gutenberg_show_text_before_share":"","sfsi_plus_gutenberg_icon_type":"","sfsi_plus_gutenberg_icon_alignemt":"","sfsi_plus_gutenburg_max_per_row":"","footnotes":""},"categories":[2],"tags":[],"class_list":["post-37372","post","type-post","status-publish","format-standard","has-post-thumbnail","hentry","category-geral"],"_links":{"self":[{"href":"https:\/\/www.caririemacao.com\/1\/wp-json\/wp\/v2\/posts\/37372","targetHints":{"allow":["GET"]}}],"collection":[{"href":"https:\/\/www.caririemacao.com\/1\/wp-json\/wp\/v2\/posts"}],"about":[{"href":"https:\/\/www.caririemacao.com\/1\/wp-json\/wp\/v2\/types\/post"}],"author":[{"embeddable":true,"href":"https:\/\/www.caririemacao.com\/1\/wp-json\/wp\/v2\/users\/2"}],"replies":[{"embeddable":true,"href":"https:\/\/www.caririemacao.com\/1\/wp-json\/wp\/v2\/comments?post=37372"}],"version-history":[{"count":0,"href":"https:\/\/www.caririemacao.com\/1\/wp-json\/wp\/v2\/posts\/37372\/revisions"}],"wp:featuredmedia":[{"embeddable":true,"href":"https:\/\/www.caririemacao.com\/1\/wp-json\/wp\/v2\/media\/37373"}],"wp:attachment":[{"href":"https:\/\/www.caririemacao.com\/1\/wp-json\/wp\/v2\/media?parent=37372"}],"wp:term":[{"taxonomy":"category","embeddable":true,"href":"https:\/\/www.caririemacao.com\/1\/wp-json\/wp\/v2\/categories?post=37372"},{"taxonomy":"post_tag","embeddable":true,"href":"https:\/\/www.caririemacao.com\/1\/wp-json\/wp\/v2\/tags?post=37372"}],"curies":[{"name":"wp","href":"https:\/\/api.w.org\/{rel}","templated":true}]}}