{"id":37383,"date":"2018-01-15T06:11:12","date_gmt":"2018-01-15T09:11:12","guid":{"rendered":"http:\/\/caririemacao.com\/1\/?p=37383"},"modified":"2018-01-15T06:11:12","modified_gmt":"2018-01-15T09:11:12","slug":"medico-nilo-feitosa-sofre-avc-mas-passa-bem","status":"publish","type":"post","link":"https:\/\/www.caririemacao.com\/1\/2018\/01\/15\/medico-nilo-feitosa-sofre-avc-mas-passa-bem\/","title":{"rendered":"M\u00e9dico Nilo Feitosa sofre AVC, mas passa bem"},"content":{"rendered":"<p>Um dos m\u00e9dicos mais conceituados de Monteiro,\u00a0Nilo Feitosa\u00a0sofreu um\u00a0Acidente Vascular Cerebral\u00a0(AVC) neste domingo (14) em Monteiro no cariri.<\/p>\n<p>Segundo informa\u00e7\u00f5es, o m\u00e9dico estava em uma fazenda na zona rural do munic\u00edpio no momento que passou mal, depois de socorrido\u00a0Nilo Feitosa,\u00a0foi transferido para Campina Grande, onde se encontra sobre cuidados m\u00e9dicos. Ainda de acordo com informa\u00e7\u00f5es , o estado de sa\u00fade do m\u00e9dico \u00e9 est\u00e1vel.<\/p>\n<p><strong>CARIRI EM A\u00c7\u00c3O<\/strong><\/p>\n<p><em>Com Opipoco\/Foto: Opipoco<\/em><\/p>\n<p><strong>Leia mais not\u00edcias em\u00a0<\/strong><a href=\"http:\/\/www.caririemacao.com\/\"><strong>caririemacao.com<\/strong><\/a><strong>, siga nossa p\u00e1gina no\u00a0<\/strong><a href=\"https:\/\/www.facebook.com\/CaririEmAcao\/?ref=aymt_homepage_panel\"><strong>Facebook<\/strong><\/a>,<strong>\u00a0<\/strong><a href=\"https:\/\/www.instagram.com\/cariri_em_acao\/?hl=pt-br\"><strong>Instagram<\/strong><\/a><strong>\u00a0e\u00a0<\/strong><a href=\"https:\/\/www.youtube.com\/channel\/UCAptA0jQuYQy8vMhLt2m4qg\"><strong>Youtube<\/strong><\/a><strong>\u00a0e veja nossas mat\u00e9rias, v\u00eddeos e fotos. Voc\u00ea tamb\u00e9m pode enviar informa\u00e7\u00f5es \u00e0 Reda\u00e7\u00e3o do Portal Cariri em A\u00e7\u00e3o pelo WhatsApp (83) 9 9634.5791, (83) 9 9601-1162.<\/strong><\/p>\n","protected":false},"excerpt":{"rendered":"<p>Um dos m\u00e9dicos mais conceituados de Monteiro,\u00a0Nilo Feitosa\u00a0sofreu um\u00a0Acidente Vascular Cerebral\u00a0(AVC) neste domingo (14) em Monteiro no cariri. Segundo informa\u00e7\u00f5es, o m\u00e9dico estava em uma&hellip; <\/p>\n","protected":false},"author":2,"featured_media":37384,"comment_status":"closed","ping_status":"closed","sticky":false,"template":"","format":"standard","meta":{"sfsi_plus_gutenberg_text_before_share":"","sfsi_plus_gutenberg_show_text_before_share":"","sfsi_plus_gutenberg_icon_type":"","sfsi_plus_gutenberg_icon_alignemt":"","sfsi_plus_gutenburg_max_per_row":"","footnotes":""},"categories":[2],"tags":[],"class_list":["post-37383","post","type-post","status-publish","format-standard","has-post-thumbnail","hentry","category-geral"],"_links":{"self":[{"href":"https:\/\/www.caririemacao.com\/1\/wp-json\/wp\/v2\/posts\/37383","targetHints":{"allow":["GET"]}}],"collection":[{"href":"https:\/\/www.caririemacao.com\/1\/wp-json\/wp\/v2\/posts"}],"about":[{"href":"https:\/\/www.caririemacao.com\/1\/wp-json\/wp\/v2\/types\/post"}],"author":[{"embeddable":true,"href":"https:\/\/www.caririemacao.com\/1\/wp-json\/wp\/v2\/users\/2"}],"replies":[{"embeddable":true,"href":"https:\/\/www.caririemacao.com\/1\/wp-json\/wp\/v2\/comments?post=37383"}],"version-history":[{"count":0,"href":"https:\/\/www.caririemacao.com\/1\/wp-json\/wp\/v2\/posts\/37383\/revisions"}],"wp:featuredmedia":[{"embeddable":true,"href":"https:\/\/www.caririemacao.com\/1\/wp-json\/wp\/v2\/media\/37384"}],"wp:attachment":[{"href":"https:\/\/www.caririemacao.com\/1\/wp-json\/wp\/v2\/media?parent=37383"}],"wp:term":[{"taxonomy":"category","embeddable":true,"href":"https:\/\/www.caririemacao.com\/1\/wp-json\/wp\/v2\/categories?post=37383"},{"taxonomy":"post_tag","embeddable":true,"href":"https:\/\/www.caririemacao.com\/1\/wp-json\/wp\/v2\/tags?post=37383"}],"curies":[{"name":"wp","href":"https:\/\/api.w.org\/{rel}","templated":true}]}}