{"id":37387,"date":"2018-01-15T06:21:28","date_gmt":"2018-01-15T09:21:28","guid":{"rendered":"http:\/\/caririemacao.com\/1\/?p=37387"},"modified":"2018-01-15T08:30:12","modified_gmt":"2018-01-15T11:30:12","slug":"37387","status":"publish","type":"post","link":"https:\/\/www.caririemacao.com\/1\/2018\/01\/15\/37387\/","title":{"rendered":"Alckmin busca alian\u00e7a para ter o maior tempo de TV"},"content":{"rendered":"<p>Para reduzir os questionamentos sobre a viabilidade de sua candidatura, Geraldo Alckmin (PSDB) tentar\u00e1 construir uma alian\u00e7a para a corrida presidencial que pode dar \u00e0 sua chapa a maior fatia de tempo da propaganda eleitoral\u00a0entre todos os postulantes ao Pal\u00e1cio do Planalto.<\/p>\n<p>O tucano trabalha para conquistar esse espa\u00e7o na TV com o objetivo de emitir sinais de musculatura pol\u00edtica e se tornar o principal nome do\u00a0bloco de centro\u00a0na elei\u00e7\u00e3o.<\/p>\n<p>O governador paulista disse a aliados, nas primeiras conversas do ano, que pretende firmar uma alian\u00e7a que garanta a ele um ter\u00e7o de cada faixa de 12min30s da propaganda eleitoral na televis\u00e3o \u2013ou seja, 4min10s.<\/p>\n<p>Aliados acreditam que Alckmin precisa dominar a campanha na TV para evitar o crescimento de um advers\u00e1rio lan\u00e7ado por uma coliga\u00e7\u00e3o de grandes siglas, como o\u00a0MDB de Michel Temer.<\/p>\n<p>Em uma conversa h\u00e1 cerca de uma semana, Alckmin discutiu uma potencial alian\u00e7a com DEM, PP, PSD, PTB, PPS, e Solidariedade. Com essas siglas, o tucano ocuparia 4min27s de cada bloco da propaganda \u2013pouco mais do que um ter\u00e7o do espa\u00e7o total.<\/p>\n<p>Por enquanto, Alckmin marca\u00a0at\u00e9 12% das inten\u00e7\u00f5es\u00a0de voto nos cen\u00e1rios do Datafolha, apesar de ser conhecido por 85% dos eleitores do pa\u00eds, segundo pesquisa divulgada em dezembro. \u00a0O tucano quer usar a TV para tentar exibir realiza\u00e7\u00f5es do governo paulista nos \u00faltimos anos \u2013arma que pretende usar na campanha.<\/p>\n<p><strong>CARIRI EM A\u00c7\u00c3O<\/strong><\/p>\n<p><em>Com Folha de S.Paulo\/Foto: Reprodu\u00e7\u00e3o google<\/em><\/p>\n<p><strong>Leia mais not\u00edcias em\u00a0<\/strong><a href=\"http:\/\/www.caririemacao.com\/\"><strong>caririemacao.com<\/strong><\/a><strong>, siga nossa p\u00e1gina no\u00a0<\/strong><a href=\"https:\/\/www.facebook.com\/CaririEmAcao\/?ref=aymt_homepage_panel\"><strong>Facebook<\/strong><\/a>,<strong>\u00a0<\/strong><a href=\"https:\/\/www.instagram.com\/cariri_em_acao\/?hl=pt-br\"><strong>Instagram<\/strong><\/a><strong>\u00a0e\u00a0<\/strong><a href=\"https:\/\/www.youtube.com\/channel\/UCAptA0jQuYQy8vMhLt2m4qg\"><strong>Youtube<\/strong><\/a><strong>\u00a0e veja nossas mat\u00e9rias, v\u00eddeos e fotos. Voc\u00ea tamb\u00e9m pode enviar informa\u00e7\u00f5es \u00e0 Reda\u00e7\u00e3o do Portal Cariri em A\u00e7\u00e3o pelo WhatsApp (83) 9 9634.5791, (83) 9 9601-1162.<\/strong><\/p>\n","protected":false},"excerpt":{"rendered":"<p>Para reduzir os questionamentos sobre a viabilidade de sua candidatura, Geraldo Alckmin (PSDB) tentar\u00e1 construir uma alian\u00e7a para a corrida presidencial que pode dar \u00e0&hellip; <\/p>\n","protected":false},"author":2,"featured_media":37390,"comment_status":"closed","ping_status":"closed","sticky":false,"template":"","format":"standard","meta":{"sfsi_plus_gutenberg_text_before_share":"","sfsi_plus_gutenberg_show_text_before_share":"","sfsi_plus_gutenberg_icon_type":"","sfsi_plus_gutenberg_icon_alignemt":"","sfsi_plus_gutenburg_max_per_row":"","footnotes":""},"categories":[11],"tags":[],"class_list":["post-37387","post","type-post","status-publish","format-standard","has-post-thumbnail","hentry","category-politica"],"_links":{"self":[{"href":"https:\/\/www.caririemacao.com\/1\/wp-json\/wp\/v2\/posts\/37387","targetHints":{"allow":["GET"]}}],"collection":[{"href":"https:\/\/www.caririemacao.com\/1\/wp-json\/wp\/v2\/posts"}],"about":[{"href":"https:\/\/www.caririemacao.com\/1\/wp-json\/wp\/v2\/types\/post"}],"author":[{"embeddable":true,"href":"https:\/\/www.caririemacao.com\/1\/wp-json\/wp\/v2\/users\/2"}],"replies":[{"embeddable":true,"href":"https:\/\/www.caririemacao.com\/1\/wp-json\/wp\/v2\/comments?post=37387"}],"version-history":[{"count":0,"href":"https:\/\/www.caririemacao.com\/1\/wp-json\/wp\/v2\/posts\/37387\/revisions"}],"wp:featuredmedia":[{"embeddable":true,"href":"https:\/\/www.caririemacao.com\/1\/wp-json\/wp\/v2\/media\/37390"}],"wp:attachment":[{"href":"https:\/\/www.caririemacao.com\/1\/wp-json\/wp\/v2\/media?parent=37387"}],"wp:term":[{"taxonomy":"category","embeddable":true,"href":"https:\/\/www.caririemacao.com\/1\/wp-json\/wp\/v2\/categories?post=37387"},{"taxonomy":"post_tag","embeddable":true,"href":"https:\/\/www.caririemacao.com\/1\/wp-json\/wp\/v2\/tags?post=37387"}],"curies":[{"name":"wp","href":"https:\/\/api.w.org\/{rel}","templated":true}]}}