{"id":37403,"date":"2018-01-15T07:50:06","date_gmt":"2018-01-15T10:50:06","guid":{"rendered":"http:\/\/caririemacao.com\/1\/?p=37403"},"modified":"2018-01-15T07:50:06","modified_gmt":"2018-01-15T10:50:06","slug":"dia-31-de-janeiro-tera-tres-versoes-especiais-da-lua-ao-mesmo-tempo","status":"publish","type":"post","link":"https:\/\/www.caririemacao.com\/1\/2018\/01\/15\/dia-31-de-janeiro-tera-tres-versoes-especiais-da-lua-ao-mesmo-tempo\/","title":{"rendered":"Dia 31 de janeiro ter\u00e1 tr\u00eas vers\u00f5es especiais da Lua ao mesmo tempo"},"content":{"rendered":"<p>A noite do dia 31 de janeiro promete ser bem inesquec\u00edvel para apaixonados por Astronomia. Espera-se que um combo de tr\u00eas vers\u00f5es especiais da Lua seja poss\u00edvel de ser observado. A informa\u00e7\u00e3o \u00e9 da revista Super Interessante.<\/p>\n<p>De acordo com o ve\u00edculo, os fen\u00f4menos Superlua, Lua Azul e Lua de Sangue devem acontecer ao mesmo tempo, pela primeira vez em 150 anos. No Brasil, por\u00e9m, n\u00e3o ser\u00e1 poss\u00edvel perceber o raro evento em sua plenitude. Isso porque Lua de Sangue \u00e9 o nome dado ao sat\u00e9lite durante um eclipse lunar total, que n\u00e3o ser\u00e1 vis\u00edvel no pa\u00eds.\u00a0 Nesse tipo de evento, h\u00e1 alinhamento das posi\u00e7\u00f5es da Lua e da Terra, fazendo com que o planeta fique exatamente entre o sat\u00e9lite o Sol. Por conta desses alinhamentos, a Lua ganha um tom avermelhado.<\/p>\n<p>Por aqui, as pessoas podem esperar uma Lua maior e mais brilhante do que as observadas em dias comuns, a Superlua, cuja mais recente apari\u00e7\u00e3o foi em 1\u00ba de janeiro deste ano. O fen\u00f4meno acontece quando a lua est\u00e1 mais perto da Terra que o normal. No dia 31, o sat\u00e9lite tamb\u00e9m poder\u00e1 ser chamado de Lua Azul, pois ser\u00e1 a segunda vez que ele aparecer\u00e1 na forma cheia dentro de um mesmo m\u00eas. Apesar de o nome sugerir isso, a lua n\u00e3o fica azulada. Ainda conforme a Super Interessante, a \u00faltima Lua Azul apareceu em 2 de julho de 2015.<\/p>\n<p><strong>CARIRI EM A\u00c7\u00c3O<\/strong><\/p>\n<p><em>Com Portal Correio\/Foto: Reprodu\u00e7\u00e3o Internet<\/em><\/p>\n<p><strong>Leia mais not\u00edcias em\u00a0<\/strong><a href=\"http:\/\/www.caririemacao.com\/\"><strong>caririemacao.com<\/strong><\/a><strong>, siga nossa p\u00e1gina no\u00a0<\/strong><a href=\"https:\/\/www.facebook.com\/CaririEmAcao\/?ref=aymt_homepage_panel\"><strong>Facebook<\/strong><\/a>,<strong>\u00a0<\/strong><a href=\"https:\/\/www.instagram.com\/cariri_em_acao\/?hl=pt-br\"><strong>Instagram<\/strong><\/a><strong>\u00a0e <\/strong><a href=\"https:\/\/www.youtube.com\/channel\/UCAptA0jQuYQy8vMhLt2m4qg\"><strong>Youtube<\/strong><\/a><strong>\u00a0e veja nossas mat\u00e9rias, v\u00eddeos e fotos. Voc\u00ea tamb\u00e9m pode enviar informa\u00e7\u00f5es \u00e0 Reda\u00e7\u00e3o do Portal Cariri em A\u00e7\u00e3o pelo WhatsApp (83) 9 9634.5791, (83) 9 9601-1162.<\/strong><\/p>\n","protected":false},"excerpt":{"rendered":"<p>A noite do dia 31 de janeiro promete ser bem inesquec\u00edvel para apaixonados por Astronomia. Espera-se que um combo de tr\u00eas vers\u00f5es especiais da Lua&hellip; <\/p>\n","protected":false},"author":2,"featured_media":37404,"comment_status":"closed","ping_status":"closed","sticky":false,"template":"","format":"standard","meta":{"sfsi_plus_gutenberg_text_before_share":"","sfsi_plus_gutenberg_show_text_before_share":"","sfsi_plus_gutenberg_icon_type":"","sfsi_plus_gutenberg_icon_alignemt":"","sfsi_plus_gutenburg_max_per_row":"","footnotes":""},"categories":[2],"tags":[],"class_list":["post-37403","post","type-post","status-publish","format-standard","has-post-thumbnail","hentry","category-geral"],"_links":{"self":[{"href":"https:\/\/www.caririemacao.com\/1\/wp-json\/wp\/v2\/posts\/37403","targetHints":{"allow":["GET"]}}],"collection":[{"href":"https:\/\/www.caririemacao.com\/1\/wp-json\/wp\/v2\/posts"}],"about":[{"href":"https:\/\/www.caririemacao.com\/1\/wp-json\/wp\/v2\/types\/post"}],"author":[{"embeddable":true,"href":"https:\/\/www.caririemacao.com\/1\/wp-json\/wp\/v2\/users\/2"}],"replies":[{"embeddable":true,"href":"https:\/\/www.caririemacao.com\/1\/wp-json\/wp\/v2\/comments?post=37403"}],"version-history":[{"count":0,"href":"https:\/\/www.caririemacao.com\/1\/wp-json\/wp\/v2\/posts\/37403\/revisions"}],"wp:featuredmedia":[{"embeddable":true,"href":"https:\/\/www.caririemacao.com\/1\/wp-json\/wp\/v2\/media\/37404"}],"wp:attachment":[{"href":"https:\/\/www.caririemacao.com\/1\/wp-json\/wp\/v2\/media?parent=37403"}],"wp:term":[{"taxonomy":"category","embeddable":true,"href":"https:\/\/www.caririemacao.com\/1\/wp-json\/wp\/v2\/categories?post=37403"},{"taxonomy":"post_tag","embeddable":true,"href":"https:\/\/www.caririemacao.com\/1\/wp-json\/wp\/v2\/tags?post=37403"}],"curies":[{"name":"wp","href":"https:\/\/api.w.org\/{rel}","templated":true}]}}